{"id":9923,"date":"2025-09-29T11:12:14","date_gmt":"2025-09-29T09:12:14","guid":{"rendered":"https:\/\/consejojuventudcalahorra.com\/cjcc\/?p=9923"},"modified":"2025-09-29T11:12:14","modified_gmt":"2025-09-29T09:12:14","slug":"el-cjcc-presenta-la-segunda-edicion-del-taller-de-escritura-creativa-con-el-tema-lo-tuyo-es-puro-teatro","status":"publish","type":"post","link":"https:\/\/consejojuventudcalahorra.com\/cjcc\/el-cjcc-presenta-la-segunda-edicion-del-taller-de-escritura-creativa-con-el-tema-lo-tuyo-es-puro-teatro\/","title":{"rendered":"El CJCC presenta la segunda edici\u00f3n del Taller de Escritura Creativa con el tema \u201cLo tuyo es\u2026 puro teatro\u201d"},"content":{"rendered":"<p>Tras el \u00e9xito en primavera, el Consejo de la Juventud Comarcal de Calahorra vuelve a apostar por la creatividad y la imaginaci\u00f3n con un\u00a0<strong>segundo Taller de Escritura Creativa<\/strong>, que esta vez llevar\u00e1 por t\u00edtulo\u00a0<strong>\u201cLo tuyo es\u2026 puro teatro\u201d<\/strong>.<u><\/u><u><\/u><\/p>\n<p>El taller estar\u00e1 dirigido nuevamente por\u00a0<strong>Olga Ortiz y Nuria Ruiz<\/strong>, dos profesoras con m\u00e1ster en escritura creativa que ya conquistaron a los participantes en la primera edici\u00f3n con su entusiasmo y creatividad.<u><\/u><u><\/u><\/p>\n<p>Las sesiones se celebrar\u00e1n durante los siguientes viernes:\u00a0<strong>3, 17 y 24 de octubre, y 7, 14 y 21 de noviembre<\/strong><b>, de 19:00 h. a 21:00 h.<\/b>\u00a0\u00a0Se trata de una actividad\u00a0<strong>gratuita<\/strong>\u00a0que permanecer\u00e1 abierta hasta completar las plazas disponibles.<u><\/u><u><\/u><\/p>\n<p>Con un enfoque fresco y participativo, este taller propone a los j\u00f3venes explorar la escritura desde la mirada teatral, trabajando textos, di\u00e1logos y escenas que les permitir\u00e1n sacar a relucir toda su creatividad.\u00a0<u><\/u><u><\/u><\/p>\n<p>Agradecemos el apoyo del Instituto Riojano de la Juventud y del Ayuntamiento de Calahorra para el desarrollo de esta actividad y un agradecimiento muy especial para las profesoras responsables del taller Nuria y Olga.<b><u><\/u><u><\/u><\/b><\/p>\n<p><b>Las inscripciones ser\u00e1n por WhatsApp en el tel\u00e9fono 667463791.<\/b><\/p>\n<p><img loading=\"lazy\" decoding=\"async\" class=\"alignnone size-medium wp-image-9924\" src=\"https:\/\/consejojuventudcalahorra.com\/cjcc\/wp-content\/uploads\/2025\/09\/2025_09_23-Taller-de-escritura-creativa-212x300.jpeg\" alt=\"\" width=\"212\" height=\"300\" srcset=\"https:\/\/consejojuventudcalahorra.com\/cjcc\/wp-content\/uploads\/2025\/09\/2025_09_23-Taller-de-escritura-creativa-212x300.jpeg 212w, https:\/\/consejojuventudcalahorra.com\/cjcc\/wp-content\/uploads\/2025\/09\/2025_09_23-Taller-de-escritura-creativa.jpeg 452w\" sizes=\"(max-width: 212px) 100vw, 212px\" \/><\/p>\n","protected":false},"excerpt":{"rendered":"<p>Tras el \u00e9xito en primavera, el Consejo de la Juventud Comarcal de Calahorra vuelve a apostar por la creatividad y la imaginaci\u00f3n con un\u00a0segundo Taller de Escritura Creativa, que esta [&hellip;]<\/p>\n","protected":false},"author":1,"featured_media":9924,"comment_status":"closed","ping_status":"closed","sticky":false,"template":"","format":"standard","meta":{"_et_pb_use_builder":"","_et_pb_old_content":"","_et_gb_content_width":"","footnotes":""},"categories":[99],"tags":[],"class_list":["post-9923","post","type-post","status-publish","format-standard","has-post-thumbnail","hentry","category-formacion-prevencion-igualdad"],"yoast_head":"<!-- This site is optimized with the Yoast SEO plugin v27.5 - https:\/\/yoast.com\/product\/yoast-seo-wordpress\/ -->\n<title>El CJCC presenta la segunda edici\u00f3n del Taller de Escritura Creativa con el tema \u201cLo tuyo es\u2026 puro teatro\u201d - Consejo de la Juventud Comarcal de Calahorra<\/title>\n<meta name=\"robots\" content=\"index, follow, max-snippet:-1, max-image-preview:large, max-video-preview:-1\" \/>\n<link rel=\"canonical\" href=\"https:\/\/consejojuventudcalahorra.com\/cjcc\/el-cjcc-presenta-la-segunda-edicion-del-taller-de-escritura-creativa-con-el-tema-lo-tuyo-es-puro-teatro\/\" \/>\n<meta property=\"og:locale\" content=\"es_ES\" \/>\n<meta property=\"og:type\" content=\"article\" \/>\n<meta property=\"og:title\" content=\"El CJCC presenta la segunda edici\u00f3n del Taller de Escritura Creativa con el tema \u201cLo tuyo es\u2026 puro teatro\u201d - Consejo de la Juventud Comarcal de Calahorra\" \/>\n<meta property=\"og:description\" content=\"Tras el \u00e9xito en primavera, el Consejo de la Juventud Comarcal de Calahorra vuelve a apostar por la creatividad y la imaginaci\u00f3n con un\u00a0segundo Taller de Escritura Creativa, que esta [&hellip;]\" \/>\n<meta property=\"og:url\" content=\"https:\/\/consejojuventudcalahorra.com\/cjcc\/el-cjcc-presenta-la-segunda-edicion-del-taller-de-escritura-creativa-con-el-tema-lo-tuyo-es-puro-teatro\/\" \/>\n<meta property=\"og:site_name\" content=\"Consejo de la Juventud Comarcal de Calahorra\" \/>\n<meta property=\"article:publisher\" content=\"https:\/\/www.facebook.com\/consejojuventudcalahorra\/?locale=es_ES\" \/>\n<meta property=\"article:published_time\" content=\"2025-09-29T09:12:14+00:00\" \/>\n<meta property=\"og:image\" content=\"https:\/\/consejojuventudcalahorra.com\/cjcc\/wp-content\/uploads\/2025\/09\/2025_09_23-Taller-de-escritura-creativa.jpeg\" \/>\n\t<meta property=\"og:image:width\" content=\"452\" \/>\n\t<meta property=\"og:image:height\" content=\"640\" \/>\n\t<meta property=\"og:image:type\" content=\"image\/jpeg\" \/>\n<meta name=\"author\" content=\"admin\" \/>\n<meta name=\"twitter:card\" content=\"summary_large_image\" \/>\n<meta name=\"twitter:label1\" content=\"Escrito por\" \/>\n\t<meta name=\"twitter:data1\" content=\"admin\" \/>\n\t<meta name=\"twitter:label2\" content=\"Tiempo de lectura\" \/>\n\t<meta name=\"twitter:data2\" content=\"2 minutos\" \/>\n<script type=\"application\/ld+json\" class=\"yoast-schema-graph\">{\"@context\":\"https:\\\/\\\/schema.org\",\"@graph\":[{\"@type\":\"Article\",\"@id\":\"https:\\\/\\\/consejojuventudcalahorra.com\\\/cjcc\\\/el-cjcc-presenta-la-segunda-edicion-del-taller-de-escritura-creativa-con-el-tema-lo-tuyo-es-puro-teatro\\\/#article\",\"isPartOf\":{\"@id\":\"https:\\\/\\\/consejojuventudcalahorra.com\\\/cjcc\\\/el-cjcc-presenta-la-segunda-edicion-del-taller-de-escritura-creativa-con-el-tema-lo-tuyo-es-puro-teatro\\\/\"},\"author\":{\"name\":\"admin\",\"@id\":\"https:\\\/\\\/consejojuventudcalahorra.com\\\/cjcc\\\/#\\\/schema\\\/person\\\/d253aff657149d7ba139596a2830074c\"},\"headline\":\"El CJCC presenta la segunda edici\u00f3n del Taller de Escritura Creativa con el tema \u201cLo tuyo es\u2026 puro teatro\u201d\",\"datePublished\":\"2025-09-29T09:12:14+00:00\",\"mainEntityOfPage\":{\"@id\":\"https:\\\/\\\/consejojuventudcalahorra.com\\\/cjcc\\\/el-cjcc-presenta-la-segunda-edicion-del-taller-de-escritura-creativa-con-el-tema-lo-tuyo-es-puro-teatro\\\/\"},\"wordCount\":211,\"publisher\":{\"@id\":\"https:\\\/\\\/consejojuventudcalahorra.com\\\/cjcc\\\/#organization\"},\"image\":{\"@id\":\"https:\\\/\\\/consejojuventudcalahorra.com\\\/cjcc\\\/el-cjcc-presenta-la-segunda-edicion-del-taller-de-escritura-creativa-con-el-tema-lo-tuyo-es-puro-teatro\\\/#primaryimage\"},\"thumbnailUrl\":\"https:\\\/\\\/consejojuventudcalahorra.com\\\/cjcc\\\/wp-content\\\/uploads\\\/2025\\\/09\\\/2025_09_23-Taller-de-escritura-creativa.jpeg\",\"articleSection\":[\"Formacion, prevenci\u00f3n e igualdad\"],\"inLanguage\":\"es\"},{\"@type\":\"WebPage\",\"@id\":\"https:\\\/\\\/consejojuventudcalahorra.com\\\/cjcc\\\/el-cjcc-presenta-la-segunda-edicion-del-taller-de-escritura-creativa-con-el-tema-lo-tuyo-es-puro-teatro\\\/\",\"url\":\"https:\\\/\\\/consejojuventudcalahorra.com\\\/cjcc\\\/el-cjcc-presenta-la-segunda-edicion-del-taller-de-escritura-creativa-con-el-tema-lo-tuyo-es-puro-teatro\\\/\",\"name\":\"El CJCC presenta la segunda edici\u00f3n del Taller de Escritura Creativa con el tema \u201cLo tuyo es\u2026 puro teatro\u201d - Consejo de la Juventud Comarcal de Calahorra\",\"isPartOf\":{\"@id\":\"https:\\\/\\\/consejojuventudcalahorra.com\\\/cjcc\\\/#website\"},\"primaryImageOfPage\":{\"@id\":\"https:\\\/\\\/consejojuventudcalahorra.com\\\/cjcc\\\/el-cjcc-presenta-la-segunda-edicion-del-taller-de-escritura-creativa-con-el-tema-lo-tuyo-es-puro-teatro\\\/#primaryimage\"},\"image\":{\"@id\":\"https:\\\/\\\/consejojuventudcalahorra.com\\\/cjcc\\\/el-cjcc-presenta-la-segunda-edicion-del-taller-de-escritura-creativa-con-el-tema-lo-tuyo-es-puro-teatro\\\/#primaryimage\"},\"thumbnailUrl\":\"https:\\\/\\\/consejojuventudcalahorra.com\\\/cjcc\\\/wp-content\\\/uploads\\\/2025\\\/09\\\/2025_09_23-Taller-de-escritura-creativa.jpeg\",\"datePublished\":\"2025-09-29T09:12:14+00:00\",\"breadcrumb\":{\"@id\":\"https:\\\/\\\/consejojuventudcalahorra.com\\\/cjcc\\\/el-cjcc-presenta-la-segunda-edicion-del-taller-de-escritura-creativa-con-el-tema-lo-tuyo-es-puro-teatro\\\/#breadcrumb\"},\"inLanguage\":\"es\",\"potentialAction\":[{\"@type\":\"ReadAction\",\"target\":[\"https:\\\/\\\/consejojuventudcalahorra.com\\\/cjcc\\\/el-cjcc-presenta-la-segunda-edicion-del-taller-de-escritura-creativa-con-el-tema-lo-tuyo-es-puro-teatro\\\/\"]}]},{\"@type\":\"ImageObject\",\"inLanguage\":\"es\",\"@id\":\"https:\\\/\\\/consejojuventudcalahorra.com\\\/cjcc\\\/el-cjcc-presenta-la-segunda-edicion-del-taller-de-escritura-creativa-con-el-tema-lo-tuyo-es-puro-teatro\\\/#primaryimage\",\"url\":\"https:\\\/\\\/consejojuventudcalahorra.com\\\/cjcc\\\/wp-content\\\/uploads\\\/2025\\\/09\\\/2025_09_23-Taller-de-escritura-creativa.jpeg\",\"contentUrl\":\"https:\\\/\\\/consejojuventudcalahorra.com\\\/cjcc\\\/wp-content\\\/uploads\\\/2025\\\/09\\\/2025_09_23-Taller-de-escritura-creativa.jpeg\",\"width\":452,\"height\":640},{\"@type\":\"BreadcrumbList\",\"@id\":\"https:\\\/\\\/consejojuventudcalahorra.com\\\/cjcc\\\/el-cjcc-presenta-la-segunda-edicion-del-taller-de-escritura-creativa-con-el-tema-lo-tuyo-es-puro-teatro\\\/#breadcrumb\",\"itemListElement\":[{\"@type\":\"ListItem\",\"position\":1,\"name\":\"Portada\",\"item\":\"https:\\\/\\\/consejojuventudcalahorra.com\\\/cjcc\\\/\"},{\"@type\":\"ListItem\",\"position\":2,\"name\":\"El CJCC presenta la segunda edici\u00f3n del Taller de Escritura Creativa con el tema \u201cLo tuyo es\u2026 puro teatro\u201d\"}]},{\"@type\":\"WebSite\",\"@id\":\"https:\\\/\\\/consejojuventudcalahorra.com\\\/cjcc\\\/#website\",\"url\":\"https:\\\/\\\/consejojuventudcalahorra.com\\\/cjcc\\\/\",\"name\":\"Consejo de la Juventud Comarcal de Calahorra\",\"description\":\"Ser joven es ser algo m\u00e1s\",\"publisher\":{\"@id\":\"https:\\\/\\\/consejojuventudcalahorra.com\\\/cjcc\\\/#organization\"},\"potentialAction\":[{\"@type\":\"SearchAction\",\"target\":{\"@type\":\"EntryPoint\",\"urlTemplate\":\"https:\\\/\\\/consejojuventudcalahorra.com\\\/cjcc\\\/?s={search_term_string}\"},\"query-input\":{\"@type\":\"PropertyValueSpecification\",\"valueRequired\":true,\"valueName\":\"search_term_string\"}}],\"inLanguage\":\"es\"},{\"@type\":\"Organization\",\"@id\":\"https:\\\/\\\/consejojuventudcalahorra.com\\\/cjcc\\\/#organization\",\"name\":\"Consejo de la Juventud Comarcal de Calahorra\",\"url\":\"https:\\\/\\\/consejojuventudcalahorra.com\\\/cjcc\\\/\",\"logo\":{\"@type\":\"ImageObject\",\"inLanguage\":\"es\",\"@id\":\"https:\\\/\\\/consejojuventudcalahorra.com\\\/cjcc\\\/#\\\/schema\\\/logo\\\/image\\\/\",\"url\":\"https:\\\/\\\/consejojuventudcalahorra.com\\\/cjcc\\\/wp-content\\\/uploads\\\/2025\\\/09\\\/Logo-CJCC.png\",\"contentUrl\":\"https:\\\/\\\/consejojuventudcalahorra.com\\\/cjcc\\\/wp-content\\\/uploads\\\/2025\\\/09\\\/Logo-CJCC.png\",\"width\":964,\"height\":660,\"caption\":\"Consejo de la Juventud Comarcal de Calahorra\"},\"image\":{\"@id\":\"https:\\\/\\\/consejojuventudcalahorra.com\\\/cjcc\\\/#\\\/schema\\\/logo\\\/image\\\/\"},\"sameAs\":[\"https:\\\/\\\/www.facebook.com\\\/consejojuventudcalahorra\\\/?locale=es_ES\"]},{\"@type\":\"Person\",\"@id\":\"https:\\\/\\\/consejojuventudcalahorra.com\\\/cjcc\\\/#\\\/schema\\\/person\\\/d253aff657149d7ba139596a2830074c\",\"name\":\"admin\",\"image\":{\"@type\":\"ImageObject\",\"inLanguage\":\"es\",\"@id\":\"https:\\\/\\\/secure.gravatar.com\\\/avatar\\\/7f0b7317fa677050c42e96a8889faba4627de455222163352845fae03deb3bb4?s=96&d=mm&r=g\",\"url\":\"https:\\\/\\\/secure.gravatar.com\\\/avatar\\\/7f0b7317fa677050c42e96a8889faba4627de455222163352845fae03deb3bb4?s=96&d=mm&r=g\",\"contentUrl\":\"https:\\\/\\\/secure.gravatar.com\\\/avatar\\\/7f0b7317fa677050c42e96a8889faba4627de455222163352845fae03deb3bb4?s=96&d=mm&r=g\",\"caption\":\"admin\"},\"url\":\"https:\\\/\\\/consejojuventudcalahorra.com\\\/cjcc\\\/author\\\/admin\\\/\"}]}<\/script>\n<!-- \/ Yoast SEO plugin. -->","yoast_head_json":{"title":"El CJCC presenta la segunda edici\u00f3n del Taller de Escritura Creativa con el tema \u201cLo tuyo es\u2026 puro teatro\u201d - Consejo de la Juventud Comarcal de Calahorra","robots":{"index":"index","follow":"follow","max-snippet":"max-snippet:-1","max-image-preview":"max-image-preview:large","max-video-preview":"max-video-preview:-1"},"canonical":"https:\/\/consejojuventudcalahorra.com\/cjcc\/el-cjcc-presenta-la-segunda-edicion-del-taller-de-escritura-creativa-con-el-tema-lo-tuyo-es-puro-teatro\/","og_locale":"es_ES","og_type":"article","og_title":"El CJCC presenta la segunda edici\u00f3n del Taller de Escritura Creativa con el tema \u201cLo tuyo es\u2026 puro teatro\u201d - Consejo de la Juventud Comarcal de Calahorra","og_description":"Tras el \u00e9xito en primavera, el Consejo de la Juventud Comarcal de Calahorra vuelve a apostar por la creatividad y la imaginaci\u00f3n con un\u00a0segundo Taller de Escritura Creativa, que esta [&hellip;]","og_url":"https:\/\/consejojuventudcalahorra.com\/cjcc\/el-cjcc-presenta-la-segunda-edicion-del-taller-de-escritura-creativa-con-el-tema-lo-tuyo-es-puro-teatro\/","og_site_name":"Consejo de la Juventud Comarcal de Calahorra","article_publisher":"https:\/\/www.facebook.com\/consejojuventudcalahorra\/?locale=es_ES","article_published_time":"2025-09-29T09:12:14+00:00","og_image":[{"width":452,"height":640,"url":"https:\/\/consejojuventudcalahorra.com\/cjcc\/wp-content\/uploads\/2025\/09\/2025_09_23-Taller-de-escritura-creativa.jpeg","type":"image\/jpeg"}],"author":"admin","twitter_card":"summary_large_image","twitter_misc":{"Escrito por":"admin","Tiempo de lectura":"2 minutos"},"schema":{"@context":"https:\/\/schema.org","@graph":[{"@type":"Article","@id":"https:\/\/consejojuventudcalahorra.com\/cjcc\/el-cjcc-presenta-la-segunda-edicion-del-taller-de-escritura-creativa-con-el-tema-lo-tuyo-es-puro-teatro\/#article","isPartOf":{"@id":"https:\/\/consejojuventudcalahorra.com\/cjcc\/el-cjcc-presenta-la-segunda-edicion-del-taller-de-escritura-creativa-con-el-tema-lo-tuyo-es-puro-teatro\/"},"author":{"name":"admin","@id":"https:\/\/consejojuventudcalahorra.com\/cjcc\/#\/schema\/person\/d253aff657149d7ba139596a2830074c"},"headline":"El CJCC presenta la segunda edici\u00f3n del Taller de Escritura Creativa con el tema \u201cLo tuyo es\u2026 puro teatro\u201d","datePublished":"2025-09-29T09:12:14+00:00","mainEntityOfPage":{"@id":"https:\/\/consejojuventudcalahorra.com\/cjcc\/el-cjcc-presenta-la-segunda-edicion-del-taller-de-escritura-creativa-con-el-tema-lo-tuyo-es-puro-teatro\/"},"wordCount":211,"publisher":{"@id":"https:\/\/consejojuventudcalahorra.com\/cjcc\/#organization"},"image":{"@id":"https:\/\/consejojuventudcalahorra.com\/cjcc\/el-cjcc-presenta-la-segunda-edicion-del-taller-de-escritura-creativa-con-el-tema-lo-tuyo-es-puro-teatro\/#primaryimage"},"thumbnailUrl":"https:\/\/consejojuventudcalahorra.com\/cjcc\/wp-content\/uploads\/2025\/09\/2025_09_23-Taller-de-escritura-creativa.jpeg","articleSection":["Formacion, prevenci\u00f3n e igualdad"],"inLanguage":"es"},{"@type":"WebPage","@id":"https:\/\/consejojuventudcalahorra.com\/cjcc\/el-cjcc-presenta-la-segunda-edicion-del-taller-de-escritura-creativa-con-el-tema-lo-tuyo-es-puro-teatro\/","url":"https:\/\/consejojuventudcalahorra.com\/cjcc\/el-cjcc-presenta-la-segunda-edicion-del-taller-de-escritura-creativa-con-el-tema-lo-tuyo-es-puro-teatro\/","name":"El CJCC presenta la segunda edici\u00f3n del Taller de Escritura Creativa con el tema \u201cLo tuyo es\u2026 puro teatro\u201d - Consejo de la Juventud Comarcal de Calahorra","isPartOf":{"@id":"https:\/\/consejojuventudcalahorra.com\/cjcc\/#website"},"primaryImageOfPage":{"@id":"https:\/\/consejojuventudcalahorra.com\/cjcc\/el-cjcc-presenta-la-segunda-edicion-del-taller-de-escritura-creativa-con-el-tema-lo-tuyo-es-puro-teatro\/#primaryimage"},"image":{"@id":"https:\/\/consejojuventudcalahorra.com\/cjcc\/el-cjcc-presenta-la-segunda-edicion-del-taller-de-escritura-creativa-con-el-tema-lo-tuyo-es-puro-teatro\/#primaryimage"},"thumbnailUrl":"https:\/\/consejojuventudcalahorra.com\/cjcc\/wp-content\/uploads\/2025\/09\/2025_09_23-Taller-de-escritura-creativa.jpeg","datePublished":"2025-09-29T09:12:14+00:00","breadcrumb":{"@id":"https:\/\/consejojuventudcalahorra.com\/cjcc\/el-cjcc-presenta-la-segunda-edicion-del-taller-de-escritura-creativa-con-el-tema-lo-tuyo-es-puro-teatro\/#breadcrumb"},"inLanguage":"es","potentialAction":[{"@type":"ReadAction","target":["https:\/\/consejojuventudcalahorra.com\/cjcc\/el-cjcc-presenta-la-segunda-edicion-del-taller-de-escritura-creativa-con-el-tema-lo-tuyo-es-puro-teatro\/"]}]},{"@type":"ImageObject","inLanguage":"es","@id":"https:\/\/consejojuventudcalahorra.com\/cjcc\/el-cjcc-presenta-la-segunda-edicion-del-taller-de-escritura-creativa-con-el-tema-lo-tuyo-es-puro-teatro\/#primaryimage","url":"https:\/\/consejojuventudcalahorra.com\/cjcc\/wp-content\/uploads\/2025\/09\/2025_09_23-Taller-de-escritura-creativa.jpeg","contentUrl":"https:\/\/consejojuventudcalahorra.com\/cjcc\/wp-content\/uploads\/2025\/09\/2025_09_23-Taller-de-escritura-creativa.jpeg","width":452,"height":640},{"@type":"BreadcrumbList","@id":"https:\/\/consejojuventudcalahorra.com\/cjcc\/el-cjcc-presenta-la-segunda-edicion-del-taller-de-escritura-creativa-con-el-tema-lo-tuyo-es-puro-teatro\/#breadcrumb","itemListElement":[{"@type":"ListItem","position":1,"name":"Portada","item":"https:\/\/consejojuventudcalahorra.com\/cjcc\/"},{"@type":"ListItem","position":2,"name":"El CJCC presenta la segunda edici\u00f3n del Taller de Escritura Creativa con el tema \u201cLo tuyo es\u2026 puro teatro\u201d"}]},{"@type":"WebSite","@id":"https:\/\/consejojuventudcalahorra.com\/cjcc\/#website","url":"https:\/\/consejojuventudcalahorra.com\/cjcc\/","name":"Consejo de la Juventud Comarcal de Calahorra","description":"Ser joven es ser algo m\u00e1s","publisher":{"@id":"https:\/\/consejojuventudcalahorra.com\/cjcc\/#organization"},"potentialAction":[{"@type":"SearchAction","target":{"@type":"EntryPoint","urlTemplate":"https:\/\/consejojuventudcalahorra.com\/cjcc\/?s={search_term_string}"},"query-input":{"@type":"PropertyValueSpecification","valueRequired":true,"valueName":"search_term_string"}}],"inLanguage":"es"},{"@type":"Organization","@id":"https:\/\/consejojuventudcalahorra.com\/cjcc\/#organization","name":"Consejo de la Juventud Comarcal de Calahorra","url":"https:\/\/consejojuventudcalahorra.com\/cjcc\/","logo":{"@type":"ImageObject","inLanguage":"es","@id":"https:\/\/consejojuventudcalahorra.com\/cjcc\/#\/schema\/logo\/image\/","url":"https:\/\/consejojuventudcalahorra.com\/cjcc\/wp-content\/uploads\/2025\/09\/Logo-CJCC.png","contentUrl":"https:\/\/consejojuventudcalahorra.com\/cjcc\/wp-content\/uploads\/2025\/09\/Logo-CJCC.png","width":964,"height":660,"caption":"Consejo de la Juventud Comarcal de Calahorra"},"image":{"@id":"https:\/\/consejojuventudcalahorra.com\/cjcc\/#\/schema\/logo\/image\/"},"sameAs":["https:\/\/www.facebook.com\/consejojuventudcalahorra\/?locale=es_ES"]},{"@type":"Person","@id":"https:\/\/consejojuventudcalahorra.com\/cjcc\/#\/schema\/person\/d253aff657149d7ba139596a2830074c","name":"admin","image":{"@type":"ImageObject","inLanguage":"es","@id":"https:\/\/secure.gravatar.com\/avatar\/7f0b7317fa677050c42e96a8889faba4627de455222163352845fae03deb3bb4?s=96&d=mm&r=g","url":"https:\/\/secure.gravatar.com\/avatar\/7f0b7317fa677050c42e96a8889faba4627de455222163352845fae03deb3bb4?s=96&d=mm&r=g","contentUrl":"https:\/\/secure.gravatar.com\/avatar\/7f0b7317fa677050c42e96a8889faba4627de455222163352845fae03deb3bb4?s=96&d=mm&r=g","caption":"admin"},"url":"https:\/\/consejojuventudcalahorra.com\/cjcc\/author\/admin\/"}]}},"_links":{"self":[{"href":"https:\/\/consejojuventudcalahorra.com\/cjcc\/wp-json\/wp\/v2\/posts\/9923","targetHints":{"allow":["GET"]}}],"collection":[{"href":"https:\/\/consejojuventudcalahorra.com\/cjcc\/wp-json\/wp\/v2\/posts"}],"about":[{"href":"https:\/\/consejojuventudcalahorra.com\/cjcc\/wp-json\/wp\/v2\/types\/post"}],"author":[{"embeddable":true,"href":"https:\/\/consejojuventudcalahorra.com\/cjcc\/wp-json\/wp\/v2\/users\/1"}],"replies":[{"embeddable":true,"href":"https:\/\/consejojuventudcalahorra.com\/cjcc\/wp-json\/wp\/v2\/comments?post=9923"}],"version-history":[{"count":1,"href":"https:\/\/consejojuventudcalahorra.com\/cjcc\/wp-json\/wp\/v2\/posts\/9923\/revisions"}],"predecessor-version":[{"id":9925,"href":"https:\/\/consejojuventudcalahorra.com\/cjcc\/wp-json\/wp\/v2\/posts\/9923\/revisions\/9925"}],"wp:featuredmedia":[{"embeddable":true,"href":"https:\/\/consejojuventudcalahorra.com\/cjcc\/wp-json\/wp\/v2\/media\/9924"}],"wp:attachment":[{"href":"https:\/\/consejojuventudcalahorra.com\/cjcc\/wp-json\/wp\/v2\/media?parent=9923"}],"wp:term":[{"taxonomy":"category","embeddable":true,"href":"https:\/\/consejojuventudcalahorra.com\/cjcc\/wp-json\/wp\/v2\/categories?post=9923"},{"taxonomy":"post_tag","embeddable":true,"href":"https:\/\/consejojuventudcalahorra.com\/cjcc\/wp-json\/wp\/v2\/tags?post=9923"}],"curies":[{"name":"wp","href":"https:\/\/api.w.org\/{rel}","templated":true}]}}