{"id":9338,"date":"2025-07-03T11:06:04","date_gmt":"2025-07-03T09:06:04","guid":{"rendered":"https:\/\/consejojuventudcalahorra.com\/cjcc\/?p=9338"},"modified":"2025-07-03T11:06:52","modified_gmt":"2025-07-03T09:06:52","slug":"el-proyecto-respira-vuelve-a-calahorra-con-una-semana-de-arte-juventud-y-transformacion-social","status":"publish","type":"post","link":"https:\/\/consejojuventudcalahorra.com\/cjcc\/el-proyecto-respira-vuelve-a-calahorra-con-una-semana-de-arte-juventud-y-transformacion-social\/","title":{"rendered":"El proyecto \u201cRespira\u201d vuelve a Calahorra con una semana de arte, juventud y transformaci\u00f3n social"},"content":{"rendered":"<p><strong>Fundaci\u00f3n Pioneros estar\u00e1 presente una semana en Calahorra con actividades para j\u00f3venes <\/strong><strong>centradas en la participaci\u00f3n, el arte y la salud mental.<\/strong><\/p>\n<p>Del 7 al 11 de julio, Fundaci\u00f3n Pioneros desarrollar\u00e1 en Calahorra dos proyectos dirigidos a la juventud con el objetivo de fomentar su participaci\u00f3n activa y la reflexi\u00f3n sobre el bienestar emocional y la ciudadan\u00eda global.<\/p>\n<p>Durante toda la semana, de lunes a jueves, de 10:00 a 12:00 horas, se celebrar\u00e1 la <strong>Escuela de Facilitaci\u00f3n Juvenil de Calahorra<\/strong>, un proyecto apoyado por el Ayuntamiento, que se realizar\u00e1 en el Centro Joven de Calahorra. Se trata de un espacio formativo y participativo donde j\u00f3venes de la localidad podr\u00e1n desarrollar habilidades para liderar procesos de cambio en sus entornos m\u00e1s cercanos. La Escuela finalizar\u00e1 el viernes 11 de julio con una <strong>jornada comunitaria abierta al p\u00fablico<\/strong> que tendr\u00e1 lugar en el kiosco del Paseo del Mercadal, en horario de ma\u00f1ana.<\/p>\n<p>Paralelamente, de lunes a jueves entre las 12:00 y las 13:30 horas, el equipo educativo de Fundaci\u00f3n Pioneros, con la colaboraci\u00f3n del Consejo de la Juventud Comarcal de Calahorra, continuar\u00e1 con el proyecto <strong>Respira<\/strong>, una propuesta de <strong>Educaci\u00f3n para la Ciudadan\u00eda Global<\/strong> que combina arte y acci\u00f3n comunitaria. Durante esos d\u00edas se trabajar\u00e1 con un grupo de j\u00f3venes en la creaci\u00f3n de una <strong>microacci\u00f3n art\u00edstica callejera<\/strong> que ser\u00e1 presentada tambi\u00e9n en la jornada p\u00fablica del viernes 11.<\/p>\n<p>El proyecto <strong>Respira<\/strong> utiliza el arte como herramienta para transformar el espacio p\u00fablico y generar bienestar colectivo. Las microacciones que plantea buscan mejorar el estado de \u00e1nimo de las personas, <strong>poniendo el foco en la salud mental desde una mirada positiva, comunitaria y creativa.<\/strong><\/p>\n<p>Con esta iniciativa, Fundaci\u00f3n Pioneros contin\u00faa generando espacios de encuentro, reflexi\u00f3n y transformaci\u00f3n en los que las y los j\u00f3venes son protagonistas.<\/p>\n<p>La participaci\u00f3n es <strong>gratuita<\/strong>, \u00fanicamente requiere <strong>inscripci\u00f3n previa<\/strong> a trav\u00e9s del <strong>WhatsApp: 667 463 791.<\/strong><\/p>\n<p><img loading=\"lazy\" decoding=\"async\" class=\"alignnone size-medium wp-image-9339\" src=\"https:\/\/consejojuventudcalahorra.com\/cjcc\/wp-content\/uploads\/2025\/07\/Escuela-de-facilitacion-juvenil-de-Calahorra-212x300.jpeg\" alt=\"\" width=\"212\" height=\"300\" srcset=\"https:\/\/consejojuventudcalahorra.com\/cjcc\/wp-content\/uploads\/2025\/07\/Escuela-de-facilitacion-juvenil-de-Calahorra-212x300.jpeg 212w, https:\/\/consejojuventudcalahorra.com\/cjcc\/wp-content\/uploads\/2025\/07\/Escuela-de-facilitacion-juvenil-de-Calahorra.jpeg 452w\" sizes=\"(max-width: 212px) 100vw, 212px\" \/><\/p>\n","protected":false},"excerpt":{"rendered":"<p>Fundaci\u00f3n Pioneros estar\u00e1 presente una semana en Calahorra con actividades para j\u00f3venes centradas en la participaci\u00f3n, el arte y la salud mental. Del 7 al 11 de julio, Fundaci\u00f3n Pioneros [&hellip;]<\/p>\n","protected":false},"author":1,"featured_media":9339,"comment_status":"closed","ping_status":"closed","sticky":false,"template":"","format":"standard","meta":{"_et_pb_use_builder":"","_et_pb_old_content":"","_et_gb_content_width":"","footnotes":""},"categories":[99,24],"tags":[],"class_list":["post-9338","post","type-post","status-publish","format-standard","has-post-thumbnail","hentry","category-formacion-prevencion-igualdad","category-ocio-y-tiempo-libre"],"yoast_head":"<!-- This site is optimized with the Yoast SEO plugin v27.5 - https:\/\/yoast.com\/product\/yoast-seo-wordpress\/ -->\n<title>El proyecto \u201cRespira\u201d vuelve a Calahorra con una semana de arte, juventud y transformaci\u00f3n social - Consejo de la Juventud Comarcal de Calahorra<\/title>\n<meta name=\"robots\" content=\"index, follow, max-snippet:-1, max-image-preview:large, max-video-preview:-1\" \/>\n<link rel=\"canonical\" href=\"https:\/\/consejojuventudcalahorra.com\/cjcc\/el-proyecto-respira-vuelve-a-calahorra-con-una-semana-de-arte-juventud-y-transformacion-social\/\" \/>\n<meta property=\"og:locale\" content=\"es_ES\" \/>\n<meta property=\"og:type\" content=\"article\" \/>\n<meta property=\"og:title\" content=\"El proyecto \u201cRespira\u201d vuelve a Calahorra con una semana de arte, juventud y transformaci\u00f3n social - Consejo de la Juventud Comarcal de Calahorra\" \/>\n<meta property=\"og:description\" content=\"Fundaci\u00f3n Pioneros estar\u00e1 presente una semana en Calahorra con actividades para j\u00f3venes centradas en la participaci\u00f3n, el arte y la salud mental. Del 7 al 11 de julio, Fundaci\u00f3n Pioneros [&hellip;]\" \/>\n<meta property=\"og:url\" content=\"https:\/\/consejojuventudcalahorra.com\/cjcc\/el-proyecto-respira-vuelve-a-calahorra-con-una-semana-de-arte-juventud-y-transformacion-social\/\" \/>\n<meta property=\"og:site_name\" content=\"Consejo de la Juventud Comarcal de Calahorra\" \/>\n<meta property=\"article:publisher\" content=\"https:\/\/www.facebook.com\/consejojuventudcalahorra\/?locale=es_ES\" \/>\n<meta property=\"article:published_time\" content=\"2025-07-03T09:06:04+00:00\" \/>\n<meta property=\"article:modified_time\" content=\"2025-07-03T09:06:52+00:00\" \/>\n<meta property=\"og:image\" content=\"https:\/\/consejojuventudcalahorra.com\/cjcc\/wp-content\/uploads\/2025\/07\/Escuela-de-facilitacion-juvenil-de-Calahorra.jpeg\" \/>\n\t<meta property=\"og:image:width\" content=\"452\" \/>\n\t<meta property=\"og:image:height\" content=\"640\" \/>\n\t<meta property=\"og:image:type\" content=\"image\/jpeg\" \/>\n<meta name=\"author\" content=\"admin\" \/>\n<meta name=\"twitter:card\" content=\"summary_large_image\" \/>\n<meta name=\"twitter:label1\" content=\"Escrito por\" \/>\n\t<meta name=\"twitter:data1\" content=\"admin\" \/>\n\t<meta name=\"twitter:label2\" content=\"Tiempo de lectura\" \/>\n\t<meta name=\"twitter:data2\" content=\"2 minutos\" \/>\n<script type=\"application\/ld+json\" class=\"yoast-schema-graph\">{\"@context\":\"https:\\\/\\\/schema.org\",\"@graph\":[{\"@type\":\"Article\",\"@id\":\"https:\\\/\\\/consejojuventudcalahorra.com\\\/cjcc\\\/el-proyecto-respira-vuelve-a-calahorra-con-una-semana-de-arte-juventud-y-transformacion-social\\\/#article\",\"isPartOf\":{\"@id\":\"https:\\\/\\\/consejojuventudcalahorra.com\\\/cjcc\\\/el-proyecto-respira-vuelve-a-calahorra-con-una-semana-de-arte-juventud-y-transformacion-social\\\/\"},\"author\":{\"name\":\"admin\",\"@id\":\"https:\\\/\\\/consejojuventudcalahorra.com\\\/cjcc\\\/#\\\/schema\\\/person\\\/d253aff657149d7ba139596a2830074c\"},\"headline\":\"El proyecto \u201cRespira\u201d vuelve a Calahorra con una semana de arte, juventud y transformaci\u00f3n social\",\"datePublished\":\"2025-07-03T09:06:04+00:00\",\"dateModified\":\"2025-07-03T09:06:52+00:00\",\"mainEntityOfPage\":{\"@id\":\"https:\\\/\\\/consejojuventudcalahorra.com\\\/cjcc\\\/el-proyecto-respira-vuelve-a-calahorra-con-una-semana-de-arte-juventud-y-transformacion-social\\\/\"},\"wordCount\":347,\"publisher\":{\"@id\":\"https:\\\/\\\/consejojuventudcalahorra.com\\\/cjcc\\\/#organization\"},\"image\":{\"@id\":\"https:\\\/\\\/consejojuventudcalahorra.com\\\/cjcc\\\/el-proyecto-respira-vuelve-a-calahorra-con-una-semana-de-arte-juventud-y-transformacion-social\\\/#primaryimage\"},\"thumbnailUrl\":\"https:\\\/\\\/consejojuventudcalahorra.com\\\/cjcc\\\/wp-content\\\/uploads\\\/2025\\\/07\\\/Escuela-de-facilitacion-juvenil-de-Calahorra.jpeg\",\"articleSection\":[\"Formacion, prevenci\u00f3n e igualdad\",\"ocio y tiempo libre\"],\"inLanguage\":\"es\"},{\"@type\":\"WebPage\",\"@id\":\"https:\\\/\\\/consejojuventudcalahorra.com\\\/cjcc\\\/el-proyecto-respira-vuelve-a-calahorra-con-una-semana-de-arte-juventud-y-transformacion-social\\\/\",\"url\":\"https:\\\/\\\/consejojuventudcalahorra.com\\\/cjcc\\\/el-proyecto-respira-vuelve-a-calahorra-con-una-semana-de-arte-juventud-y-transformacion-social\\\/\",\"name\":\"El proyecto \u201cRespira\u201d vuelve a Calahorra con una semana de arte, juventud y transformaci\u00f3n social - Consejo de la Juventud Comarcal de Calahorra\",\"isPartOf\":{\"@id\":\"https:\\\/\\\/consejojuventudcalahorra.com\\\/cjcc\\\/#website\"},\"primaryImageOfPage\":{\"@id\":\"https:\\\/\\\/consejojuventudcalahorra.com\\\/cjcc\\\/el-proyecto-respira-vuelve-a-calahorra-con-una-semana-de-arte-juventud-y-transformacion-social\\\/#primaryimage\"},\"image\":{\"@id\":\"https:\\\/\\\/consejojuventudcalahorra.com\\\/cjcc\\\/el-proyecto-respira-vuelve-a-calahorra-con-una-semana-de-arte-juventud-y-transformacion-social\\\/#primaryimage\"},\"thumbnailUrl\":\"https:\\\/\\\/consejojuventudcalahorra.com\\\/cjcc\\\/wp-content\\\/uploads\\\/2025\\\/07\\\/Escuela-de-facilitacion-juvenil-de-Calahorra.jpeg\",\"datePublished\":\"2025-07-03T09:06:04+00:00\",\"dateModified\":\"2025-07-03T09:06:52+00:00\",\"breadcrumb\":{\"@id\":\"https:\\\/\\\/consejojuventudcalahorra.com\\\/cjcc\\\/el-proyecto-respira-vuelve-a-calahorra-con-una-semana-de-arte-juventud-y-transformacion-social\\\/#breadcrumb\"},\"inLanguage\":\"es\",\"potentialAction\":[{\"@type\":\"ReadAction\",\"target\":[\"https:\\\/\\\/consejojuventudcalahorra.com\\\/cjcc\\\/el-proyecto-respira-vuelve-a-calahorra-con-una-semana-de-arte-juventud-y-transformacion-social\\\/\"]}]},{\"@type\":\"ImageObject\",\"inLanguage\":\"es\",\"@id\":\"https:\\\/\\\/consejojuventudcalahorra.com\\\/cjcc\\\/el-proyecto-respira-vuelve-a-calahorra-con-una-semana-de-arte-juventud-y-transformacion-social\\\/#primaryimage\",\"url\":\"https:\\\/\\\/consejojuventudcalahorra.com\\\/cjcc\\\/wp-content\\\/uploads\\\/2025\\\/07\\\/Escuela-de-facilitacion-juvenil-de-Calahorra.jpeg\",\"contentUrl\":\"https:\\\/\\\/consejojuventudcalahorra.com\\\/cjcc\\\/wp-content\\\/uploads\\\/2025\\\/07\\\/Escuela-de-facilitacion-juvenil-de-Calahorra.jpeg\",\"width\":452,\"height\":640},{\"@type\":\"BreadcrumbList\",\"@id\":\"https:\\\/\\\/consejojuventudcalahorra.com\\\/cjcc\\\/el-proyecto-respira-vuelve-a-calahorra-con-una-semana-de-arte-juventud-y-transformacion-social\\\/#breadcrumb\",\"itemListElement\":[{\"@type\":\"ListItem\",\"position\":1,\"name\":\"Portada\",\"item\":\"https:\\\/\\\/consejojuventudcalahorra.com\\\/cjcc\\\/\"},{\"@type\":\"ListItem\",\"position\":2,\"name\":\"El proyecto \u201cRespira\u201d vuelve a Calahorra con una semana de arte, juventud y transformaci\u00f3n social\"}]},{\"@type\":\"WebSite\",\"@id\":\"https:\\\/\\\/consejojuventudcalahorra.com\\\/cjcc\\\/#website\",\"url\":\"https:\\\/\\\/consejojuventudcalahorra.com\\\/cjcc\\\/\",\"name\":\"Consejo de la Juventud Comarcal de Calahorra\",\"description\":\"Ser joven es ser algo m\u00e1s\",\"publisher\":{\"@id\":\"https:\\\/\\\/consejojuventudcalahorra.com\\\/cjcc\\\/#organization\"},\"potentialAction\":[{\"@type\":\"SearchAction\",\"target\":{\"@type\":\"EntryPoint\",\"urlTemplate\":\"https:\\\/\\\/consejojuventudcalahorra.com\\\/cjcc\\\/?s={search_term_string}\"},\"query-input\":{\"@type\":\"PropertyValueSpecification\",\"valueRequired\":true,\"valueName\":\"search_term_string\"}}],\"inLanguage\":\"es\"},{\"@type\":\"Organization\",\"@id\":\"https:\\\/\\\/consejojuventudcalahorra.com\\\/cjcc\\\/#organization\",\"name\":\"Consejo de la Juventud Comarcal de Calahorra\",\"url\":\"https:\\\/\\\/consejojuventudcalahorra.com\\\/cjcc\\\/\",\"logo\":{\"@type\":\"ImageObject\",\"inLanguage\":\"es\",\"@id\":\"https:\\\/\\\/consejojuventudcalahorra.com\\\/cjcc\\\/#\\\/schema\\\/logo\\\/image\\\/\",\"url\":\"https:\\\/\\\/consejojuventudcalahorra.com\\\/cjcc\\\/wp-content\\\/uploads\\\/2025\\\/09\\\/Logo-CJCC.png\",\"contentUrl\":\"https:\\\/\\\/consejojuventudcalahorra.com\\\/cjcc\\\/wp-content\\\/uploads\\\/2025\\\/09\\\/Logo-CJCC.png\",\"width\":964,\"height\":660,\"caption\":\"Consejo de la Juventud Comarcal de Calahorra\"},\"image\":{\"@id\":\"https:\\\/\\\/consejojuventudcalahorra.com\\\/cjcc\\\/#\\\/schema\\\/logo\\\/image\\\/\"},\"sameAs\":[\"https:\\\/\\\/www.facebook.com\\\/consejojuventudcalahorra\\\/?locale=es_ES\"]},{\"@type\":\"Person\",\"@id\":\"https:\\\/\\\/consejojuventudcalahorra.com\\\/cjcc\\\/#\\\/schema\\\/person\\\/d253aff657149d7ba139596a2830074c\",\"name\":\"admin\",\"image\":{\"@type\":\"ImageObject\",\"inLanguage\":\"es\",\"@id\":\"https:\\\/\\\/secure.gravatar.com\\\/avatar\\\/7f0b7317fa677050c42e96a8889faba4627de455222163352845fae03deb3bb4?s=96&d=mm&r=g\",\"url\":\"https:\\\/\\\/secure.gravatar.com\\\/avatar\\\/7f0b7317fa677050c42e96a8889faba4627de455222163352845fae03deb3bb4?s=96&d=mm&r=g\",\"contentUrl\":\"https:\\\/\\\/secure.gravatar.com\\\/avatar\\\/7f0b7317fa677050c42e96a8889faba4627de455222163352845fae03deb3bb4?s=96&d=mm&r=g\",\"caption\":\"admin\"},\"url\":\"https:\\\/\\\/consejojuventudcalahorra.com\\\/cjcc\\\/author\\\/admin\\\/\"}]}<\/script>\n<!-- \/ Yoast SEO plugin. -->","yoast_head_json":{"title":"El proyecto \u201cRespira\u201d vuelve a Calahorra con una semana de arte, juventud y transformaci\u00f3n social - Consejo de la Juventud Comarcal de Calahorra","robots":{"index":"index","follow":"follow","max-snippet":"max-snippet:-1","max-image-preview":"max-image-preview:large","max-video-preview":"max-video-preview:-1"},"canonical":"https:\/\/consejojuventudcalahorra.com\/cjcc\/el-proyecto-respira-vuelve-a-calahorra-con-una-semana-de-arte-juventud-y-transformacion-social\/","og_locale":"es_ES","og_type":"article","og_title":"El proyecto \u201cRespira\u201d vuelve a Calahorra con una semana de arte, juventud y transformaci\u00f3n social - Consejo de la Juventud Comarcal de Calahorra","og_description":"Fundaci\u00f3n Pioneros estar\u00e1 presente una semana en Calahorra con actividades para j\u00f3venes centradas en la participaci\u00f3n, el arte y la salud mental. Del 7 al 11 de julio, Fundaci\u00f3n Pioneros [&hellip;]","og_url":"https:\/\/consejojuventudcalahorra.com\/cjcc\/el-proyecto-respira-vuelve-a-calahorra-con-una-semana-de-arte-juventud-y-transformacion-social\/","og_site_name":"Consejo de la Juventud Comarcal de Calahorra","article_publisher":"https:\/\/www.facebook.com\/consejojuventudcalahorra\/?locale=es_ES","article_published_time":"2025-07-03T09:06:04+00:00","article_modified_time":"2025-07-03T09:06:52+00:00","og_image":[{"width":452,"height":640,"url":"https:\/\/consejojuventudcalahorra.com\/cjcc\/wp-content\/uploads\/2025\/07\/Escuela-de-facilitacion-juvenil-de-Calahorra.jpeg","type":"image\/jpeg"}],"author":"admin","twitter_card":"summary_large_image","twitter_misc":{"Escrito por":"admin","Tiempo de lectura":"2 minutos"},"schema":{"@context":"https:\/\/schema.org","@graph":[{"@type":"Article","@id":"https:\/\/consejojuventudcalahorra.com\/cjcc\/el-proyecto-respira-vuelve-a-calahorra-con-una-semana-de-arte-juventud-y-transformacion-social\/#article","isPartOf":{"@id":"https:\/\/consejojuventudcalahorra.com\/cjcc\/el-proyecto-respira-vuelve-a-calahorra-con-una-semana-de-arte-juventud-y-transformacion-social\/"},"author":{"name":"admin","@id":"https:\/\/consejojuventudcalahorra.com\/cjcc\/#\/schema\/person\/d253aff657149d7ba139596a2830074c"},"headline":"El proyecto \u201cRespira\u201d vuelve a Calahorra con una semana de arte, juventud y transformaci\u00f3n social","datePublished":"2025-07-03T09:06:04+00:00","dateModified":"2025-07-03T09:06:52+00:00","mainEntityOfPage":{"@id":"https:\/\/consejojuventudcalahorra.com\/cjcc\/el-proyecto-respira-vuelve-a-calahorra-con-una-semana-de-arte-juventud-y-transformacion-social\/"},"wordCount":347,"publisher":{"@id":"https:\/\/consejojuventudcalahorra.com\/cjcc\/#organization"},"image":{"@id":"https:\/\/consejojuventudcalahorra.com\/cjcc\/el-proyecto-respira-vuelve-a-calahorra-con-una-semana-de-arte-juventud-y-transformacion-social\/#primaryimage"},"thumbnailUrl":"https:\/\/consejojuventudcalahorra.com\/cjcc\/wp-content\/uploads\/2025\/07\/Escuela-de-facilitacion-juvenil-de-Calahorra.jpeg","articleSection":["Formacion, prevenci\u00f3n e igualdad","ocio y tiempo libre"],"inLanguage":"es"},{"@type":"WebPage","@id":"https:\/\/consejojuventudcalahorra.com\/cjcc\/el-proyecto-respira-vuelve-a-calahorra-con-una-semana-de-arte-juventud-y-transformacion-social\/","url":"https:\/\/consejojuventudcalahorra.com\/cjcc\/el-proyecto-respira-vuelve-a-calahorra-con-una-semana-de-arte-juventud-y-transformacion-social\/","name":"El proyecto \u201cRespira\u201d vuelve a Calahorra con una semana de arte, juventud y transformaci\u00f3n social - Consejo de la Juventud Comarcal de Calahorra","isPartOf":{"@id":"https:\/\/consejojuventudcalahorra.com\/cjcc\/#website"},"primaryImageOfPage":{"@id":"https:\/\/consejojuventudcalahorra.com\/cjcc\/el-proyecto-respira-vuelve-a-calahorra-con-una-semana-de-arte-juventud-y-transformacion-social\/#primaryimage"},"image":{"@id":"https:\/\/consejojuventudcalahorra.com\/cjcc\/el-proyecto-respira-vuelve-a-calahorra-con-una-semana-de-arte-juventud-y-transformacion-social\/#primaryimage"},"thumbnailUrl":"https:\/\/consejojuventudcalahorra.com\/cjcc\/wp-content\/uploads\/2025\/07\/Escuela-de-facilitacion-juvenil-de-Calahorra.jpeg","datePublished":"2025-07-03T09:06:04+00:00","dateModified":"2025-07-03T09:06:52+00:00","breadcrumb":{"@id":"https:\/\/consejojuventudcalahorra.com\/cjcc\/el-proyecto-respira-vuelve-a-calahorra-con-una-semana-de-arte-juventud-y-transformacion-social\/#breadcrumb"},"inLanguage":"es","potentialAction":[{"@type":"ReadAction","target":["https:\/\/consejojuventudcalahorra.com\/cjcc\/el-proyecto-respira-vuelve-a-calahorra-con-una-semana-de-arte-juventud-y-transformacion-social\/"]}]},{"@type":"ImageObject","inLanguage":"es","@id":"https:\/\/consejojuventudcalahorra.com\/cjcc\/el-proyecto-respira-vuelve-a-calahorra-con-una-semana-de-arte-juventud-y-transformacion-social\/#primaryimage","url":"https:\/\/consejojuventudcalahorra.com\/cjcc\/wp-content\/uploads\/2025\/07\/Escuela-de-facilitacion-juvenil-de-Calahorra.jpeg","contentUrl":"https:\/\/consejojuventudcalahorra.com\/cjcc\/wp-content\/uploads\/2025\/07\/Escuela-de-facilitacion-juvenil-de-Calahorra.jpeg","width":452,"height":640},{"@type":"BreadcrumbList","@id":"https:\/\/consejojuventudcalahorra.com\/cjcc\/el-proyecto-respira-vuelve-a-calahorra-con-una-semana-de-arte-juventud-y-transformacion-social\/#breadcrumb","itemListElement":[{"@type":"ListItem","position":1,"name":"Portada","item":"https:\/\/consejojuventudcalahorra.com\/cjcc\/"},{"@type":"ListItem","position":2,"name":"El proyecto \u201cRespira\u201d vuelve a Calahorra con una semana de arte, juventud y transformaci\u00f3n social"}]},{"@type":"WebSite","@id":"https:\/\/consejojuventudcalahorra.com\/cjcc\/#website","url":"https:\/\/consejojuventudcalahorra.com\/cjcc\/","name":"Consejo de la Juventud Comarcal de Calahorra","description":"Ser joven es ser algo m\u00e1s","publisher":{"@id":"https:\/\/consejojuventudcalahorra.com\/cjcc\/#organization"},"potentialAction":[{"@type":"SearchAction","target":{"@type":"EntryPoint","urlTemplate":"https:\/\/consejojuventudcalahorra.com\/cjcc\/?s={search_term_string}"},"query-input":{"@type":"PropertyValueSpecification","valueRequired":true,"valueName":"search_term_string"}}],"inLanguage":"es"},{"@type":"Organization","@id":"https:\/\/consejojuventudcalahorra.com\/cjcc\/#organization","name":"Consejo de la Juventud Comarcal de Calahorra","url":"https:\/\/consejojuventudcalahorra.com\/cjcc\/","logo":{"@type":"ImageObject","inLanguage":"es","@id":"https:\/\/consejojuventudcalahorra.com\/cjcc\/#\/schema\/logo\/image\/","url":"https:\/\/consejojuventudcalahorra.com\/cjcc\/wp-content\/uploads\/2025\/09\/Logo-CJCC.png","contentUrl":"https:\/\/consejojuventudcalahorra.com\/cjcc\/wp-content\/uploads\/2025\/09\/Logo-CJCC.png","width":964,"height":660,"caption":"Consejo de la Juventud Comarcal de Calahorra"},"image":{"@id":"https:\/\/consejojuventudcalahorra.com\/cjcc\/#\/schema\/logo\/image\/"},"sameAs":["https:\/\/www.facebook.com\/consejojuventudcalahorra\/?locale=es_ES"]},{"@type":"Person","@id":"https:\/\/consejojuventudcalahorra.com\/cjcc\/#\/schema\/person\/d253aff657149d7ba139596a2830074c","name":"admin","image":{"@type":"ImageObject","inLanguage":"es","@id":"https:\/\/secure.gravatar.com\/avatar\/7f0b7317fa677050c42e96a8889faba4627de455222163352845fae03deb3bb4?s=96&d=mm&r=g","url":"https:\/\/secure.gravatar.com\/avatar\/7f0b7317fa677050c42e96a8889faba4627de455222163352845fae03deb3bb4?s=96&d=mm&r=g","contentUrl":"https:\/\/secure.gravatar.com\/avatar\/7f0b7317fa677050c42e96a8889faba4627de455222163352845fae03deb3bb4?s=96&d=mm&r=g","caption":"admin"},"url":"https:\/\/consejojuventudcalahorra.com\/cjcc\/author\/admin\/"}]}},"_links":{"self":[{"href":"https:\/\/consejojuventudcalahorra.com\/cjcc\/wp-json\/wp\/v2\/posts\/9338","targetHints":{"allow":["GET"]}}],"collection":[{"href":"https:\/\/consejojuventudcalahorra.com\/cjcc\/wp-json\/wp\/v2\/posts"}],"about":[{"href":"https:\/\/consejojuventudcalahorra.com\/cjcc\/wp-json\/wp\/v2\/types\/post"}],"author":[{"embeddable":true,"href":"https:\/\/consejojuventudcalahorra.com\/cjcc\/wp-json\/wp\/v2\/users\/1"}],"replies":[{"embeddable":true,"href":"https:\/\/consejojuventudcalahorra.com\/cjcc\/wp-json\/wp\/v2\/comments?post=9338"}],"version-history":[{"count":1,"href":"https:\/\/consejojuventudcalahorra.com\/cjcc\/wp-json\/wp\/v2\/posts\/9338\/revisions"}],"predecessor-version":[{"id":9340,"href":"https:\/\/consejojuventudcalahorra.com\/cjcc\/wp-json\/wp\/v2\/posts\/9338\/revisions\/9340"}],"wp:featuredmedia":[{"embeddable":true,"href":"https:\/\/consejojuventudcalahorra.com\/cjcc\/wp-json\/wp\/v2\/media\/9339"}],"wp:attachment":[{"href":"https:\/\/consejojuventudcalahorra.com\/cjcc\/wp-json\/wp\/v2\/media?parent=9338"}],"wp:term":[{"taxonomy":"category","embeddable":true,"href":"https:\/\/consejojuventudcalahorra.com\/cjcc\/wp-json\/wp\/v2\/categories?post=9338"},{"taxonomy":"post_tag","embeddable":true,"href":"https:\/\/consejojuventudcalahorra.com\/cjcc\/wp-json\/wp\/v2\/tags?post=9338"}],"curies":[{"name":"wp","href":"https:\/\/api.w.org\/{rel}","templated":true}]}}