{"id":8896,"date":"2025-06-18T11:27:36","date_gmt":"2025-06-18T09:27:36","guid":{"rendered":"https:\/\/consejojuventudcalahorra.com\/cjcc\/?p=8896"},"modified":"2025-06-25T09:49:56","modified_gmt":"2025-06-25T07:49:56","slug":"el-cjcc-desarrolla-en-el-albergue-de-alfaro-el-intercambio-juvenil-emocion-musica-y-arte","status":"publish","type":"post","link":"https:\/\/consejojuventudcalahorra.com\/cjcc\/el-cjcc-desarrolla-en-el-albergue-de-alfaro-el-intercambio-juvenil-emocion-musica-y-arte\/","title":{"rendered":"El CJCC desarrolla en el albergue de Alfaro el Intercambio Juvenil \u201cEmoci\u00f3n, M\u00fasica y Arte\u201d"},"content":{"rendered":"<p>[et_pb_section fb_built=\u00bb1&#8243; _builder_version=\u00bb4.27.4&#8243; _module_preset=\u00bbdefault\u00bb global_colors_info=\u00bb{}\u00bb][et_pb_row _builder_version=\u00bb4.27.4&#8243; _module_preset=\u00bbdefault\u00bb global_colors_info=\u00bb{}\u00bb][et_pb_column type=\u00bb4_4&#8243; _builder_version=\u00bb4.27.4&#8243; _module_preset=\u00bbdefault\u00bb global_colors_info=\u00bb{}\u00bb][et_pb_text _builder_version=\u00bb4.27.4&#8243; _module_preset=\u00bbdefault\u00bb global_colors_info=\u00bb{}\u00bb]Desde el Consejo de la Juventud Comarcal de Calahorra queremos agradecer al Instituto Riojano de la Juventud (IRJ), y en su nombre a su director, Juan Diego Alcaide, as\u00ed como a la concejala de Servicios Sociales del Ayuntamiento de Alfaro, Pilar Almend\u00e1riz, por la c\u00e1lida bienvenida ofrecida en el d\u00eda de hoy a los y las j\u00f3venes participantes en el Intercambio Juvenil \u00abEmoci\u00f3n, M\u00fasica y Arte\u00bb, financiado por el programa Erasmus+.<\/p>\n<p>En esta iniciativa participan un total de 32 j\u00f3venes procedentes de Bosnia, Italia y Calahorra, que convivir\u00e1n durante una semana en el albergue juvenil de Alfaro. Este intercambio intercultural, coordinado por nuestro Consejo, tiene como objetivo principal fomentar la convivencia europea, el aprendizaje no formal, y el descubrimiento mutuo a trav\u00e9s de la m\u00fasica, el arte y la expresi\u00f3n emocional.<\/p>\n<p>Durante estos d\u00edas, los y las j\u00f3venes tomar\u00e1n parte en una programaci\u00f3n intensa de actividades creativas, talleres colaborativos, din\u00e1micas de grupo y salidas culturales, dise\u00f1adas para promover la empat\u00eda, el respeto por la diversidad y el desarrollo de competencias clave para su crecimiento personal y social.<\/p>\n<p>Estamos convencidas de que estas experiencias dejan una huella positiva duradera en quienes participan: no solo por lo que se aprende, sino por lo que se descubre al compartir vivencias con personas de otras realidades, idiomas y culturas.[\/et_pb_text][et_pb_image src=\u00bbhttps:\/\/consejojuventudcalahorra.com\/cjcc\/wp-content\/uploads\/2025\/06\/2025_06_17-Visita-Intercambio-Juvenil-CJCC.jpeg\u00bb title_text=\u00bb2025_06_17 Visita Intercambio Juvenil CJCC\u00bb _builder_version=\u00bb4.27.4&#8243; _module_preset=\u00bbdefault\u00bb global_colors_info=\u00bb{}\u00bb][\/et_pb_image][\/et_pb_column][\/et_pb_row][\/et_pb_section]<\/p>\n","protected":false},"excerpt":{"rendered":"<p>Desde el Consejo de la Juventud Comarcal de Calahorra queremos agradecer al Instituto Riojano de la Juventud (IRJ), y en su nombre a su director, Juan Diego Alcaide, as\u00ed como [&hellip;]<\/p>\n","protected":false},"author":1,"featured_media":8899,"comment_status":"closed","ping_status":"open","sticky":false,"template":"","format":"standard","meta":{"_et_pb_use_builder":"on","_et_pb_old_content":"","_et_gb_content_width":"","footnotes":""},"categories":[98,24],"tags":[],"class_list":["post-8896","post","type-post","status-publish","format-standard","has-post-thumbnail","hentry","category-internacional","category-ocio-y-tiempo-libre"],"yoast_head":"<!-- This site is optimized with the Yoast SEO plugin v27.5 - https:\/\/yoast.com\/product\/yoast-seo-wordpress\/ -->\n<title>El CJCC desarrolla en el albergue de Alfaro el Intercambio Juvenil \u201cEmoci\u00f3n, M\u00fasica y Arte\u201d - Consejo de la Juventud Comarcal de Calahorra<\/title>\n<meta name=\"robots\" content=\"index, follow, max-snippet:-1, max-image-preview:large, max-video-preview:-1\" \/>\n<link rel=\"canonical\" href=\"https:\/\/consejojuventudcalahorra.com\/cjcc\/el-cjcc-desarrolla-en-el-albergue-de-alfaro-el-intercambio-juvenil-emocion-musica-y-arte\/\" \/>\n<meta property=\"og:locale\" content=\"es_ES\" \/>\n<meta property=\"og:type\" content=\"article\" \/>\n<meta property=\"og:title\" content=\"El CJCC desarrolla en el albergue de Alfaro el Intercambio Juvenil \u201cEmoci\u00f3n, M\u00fasica y Arte\u201d - Consejo de la Juventud Comarcal de Calahorra\" \/>\n<meta property=\"og:description\" content=\"Desde el Consejo de la Juventud Comarcal de Calahorra queremos agradecer al Instituto Riojano de la Juventud (IRJ), y en su nombre a su director, Juan Diego Alcaide, as\u00ed como [&hellip;]\" \/>\n<meta property=\"og:url\" content=\"https:\/\/consejojuventudcalahorra.com\/cjcc\/el-cjcc-desarrolla-en-el-albergue-de-alfaro-el-intercambio-juvenil-emocion-musica-y-arte\/\" \/>\n<meta property=\"og:site_name\" content=\"Consejo de la Juventud Comarcal de Calahorra\" \/>\n<meta property=\"article:publisher\" content=\"https:\/\/www.facebook.com\/consejojuventudcalahorra\/?locale=es_ES\" \/>\n<meta property=\"article:published_time\" content=\"2025-06-18T09:27:36+00:00\" \/>\n<meta property=\"article:modified_time\" content=\"2025-06-25T07:49:56+00:00\" \/>\n<meta property=\"og:image\" content=\"https:\/\/consejojuventudcalahorra.com\/cjcc\/wp-content\/uploads\/2025\/06\/2025_06_17-Visita-Intercambio-Juvenil-CJCC.jpeg\" \/>\n\t<meta property=\"og:image:width\" content=\"480\" \/>\n\t<meta property=\"og:image:height\" content=\"640\" \/>\n\t<meta property=\"og:image:type\" content=\"image\/jpeg\" \/>\n<meta name=\"author\" content=\"admin\" \/>\n<meta name=\"twitter:card\" content=\"summary_large_image\" \/>\n<meta name=\"twitter:label1\" content=\"Escrito por\" \/>\n\t<meta name=\"twitter:data1\" content=\"admin\" \/>\n\t<meta name=\"twitter:label2\" content=\"Tiempo de lectura\" \/>\n\t<meta name=\"twitter:data2\" content=\"2 minutos\" \/>\n<script type=\"application\/ld+json\" class=\"yoast-schema-graph\">{\"@context\":\"https:\\\/\\\/schema.org\",\"@graph\":[{\"@type\":\"Article\",\"@id\":\"https:\\\/\\\/consejojuventudcalahorra.com\\\/cjcc\\\/el-cjcc-desarrolla-en-el-albergue-de-alfaro-el-intercambio-juvenil-emocion-musica-y-arte\\\/#article\",\"isPartOf\":{\"@id\":\"https:\\\/\\\/consejojuventudcalahorra.com\\\/cjcc\\\/el-cjcc-desarrolla-en-el-albergue-de-alfaro-el-intercambio-juvenil-emocion-musica-y-arte\\\/\"},\"author\":{\"name\":\"admin\",\"@id\":\"https:\\\/\\\/consejojuventudcalahorra.com\\\/cjcc\\\/#\\\/schema\\\/person\\\/d253aff657149d7ba139596a2830074c\"},\"headline\":\"El CJCC desarrolla en el albergue de Alfaro el Intercambio Juvenil \u201cEmoci\u00f3n, M\u00fasica y Arte\u201d\",\"datePublished\":\"2025-06-18T09:27:36+00:00\",\"dateModified\":\"2025-06-25T07:49:56+00:00\",\"mainEntityOfPage\":{\"@id\":\"https:\\\/\\\/consejojuventudcalahorra.com\\\/cjcc\\\/el-cjcc-desarrolla-en-el-albergue-de-alfaro-el-intercambio-juvenil-emocion-musica-y-arte\\\/\"},\"wordCount\":337,\"publisher\":{\"@id\":\"https:\\\/\\\/consejojuventudcalahorra.com\\\/cjcc\\\/#organization\"},\"image\":{\"@id\":\"https:\\\/\\\/consejojuventudcalahorra.com\\\/cjcc\\\/el-cjcc-desarrolla-en-el-albergue-de-alfaro-el-intercambio-juvenil-emocion-musica-y-arte\\\/#primaryimage\"},\"thumbnailUrl\":\"https:\\\/\\\/consejojuventudcalahorra.com\\\/cjcc\\\/wp-content\\\/uploads\\\/2025\\\/06\\\/2025_06_17-Visita-Intercambio-Juvenil-CJCC.jpeg\",\"articleSection\":[\"Internacional\",\"ocio y tiempo libre\"],\"inLanguage\":\"es\"},{\"@type\":\"WebPage\",\"@id\":\"https:\\\/\\\/consejojuventudcalahorra.com\\\/cjcc\\\/el-cjcc-desarrolla-en-el-albergue-de-alfaro-el-intercambio-juvenil-emocion-musica-y-arte\\\/\",\"url\":\"https:\\\/\\\/consejojuventudcalahorra.com\\\/cjcc\\\/el-cjcc-desarrolla-en-el-albergue-de-alfaro-el-intercambio-juvenil-emocion-musica-y-arte\\\/\",\"name\":\"El CJCC desarrolla en el albergue de Alfaro el Intercambio Juvenil \u201cEmoci\u00f3n, M\u00fasica y Arte\u201d - Consejo de la Juventud Comarcal de Calahorra\",\"isPartOf\":{\"@id\":\"https:\\\/\\\/consejojuventudcalahorra.com\\\/cjcc\\\/#website\"},\"primaryImageOfPage\":{\"@id\":\"https:\\\/\\\/consejojuventudcalahorra.com\\\/cjcc\\\/el-cjcc-desarrolla-en-el-albergue-de-alfaro-el-intercambio-juvenil-emocion-musica-y-arte\\\/#primaryimage\"},\"image\":{\"@id\":\"https:\\\/\\\/consejojuventudcalahorra.com\\\/cjcc\\\/el-cjcc-desarrolla-en-el-albergue-de-alfaro-el-intercambio-juvenil-emocion-musica-y-arte\\\/#primaryimage\"},\"thumbnailUrl\":\"https:\\\/\\\/consejojuventudcalahorra.com\\\/cjcc\\\/wp-content\\\/uploads\\\/2025\\\/06\\\/2025_06_17-Visita-Intercambio-Juvenil-CJCC.jpeg\",\"datePublished\":\"2025-06-18T09:27:36+00:00\",\"dateModified\":\"2025-06-25T07:49:56+00:00\",\"breadcrumb\":{\"@id\":\"https:\\\/\\\/consejojuventudcalahorra.com\\\/cjcc\\\/el-cjcc-desarrolla-en-el-albergue-de-alfaro-el-intercambio-juvenil-emocion-musica-y-arte\\\/#breadcrumb\"},\"inLanguage\":\"es\",\"potentialAction\":[{\"@type\":\"ReadAction\",\"target\":[\"https:\\\/\\\/consejojuventudcalahorra.com\\\/cjcc\\\/el-cjcc-desarrolla-en-el-albergue-de-alfaro-el-intercambio-juvenil-emocion-musica-y-arte\\\/\"]}]},{\"@type\":\"ImageObject\",\"inLanguage\":\"es\",\"@id\":\"https:\\\/\\\/consejojuventudcalahorra.com\\\/cjcc\\\/el-cjcc-desarrolla-en-el-albergue-de-alfaro-el-intercambio-juvenil-emocion-musica-y-arte\\\/#primaryimage\",\"url\":\"https:\\\/\\\/consejojuventudcalahorra.com\\\/cjcc\\\/wp-content\\\/uploads\\\/2025\\\/06\\\/2025_06_17-Visita-Intercambio-Juvenil-CJCC.jpeg\",\"contentUrl\":\"https:\\\/\\\/consejojuventudcalahorra.com\\\/cjcc\\\/wp-content\\\/uploads\\\/2025\\\/06\\\/2025_06_17-Visita-Intercambio-Juvenil-CJCC.jpeg\",\"width\":480,\"height\":640},{\"@type\":\"BreadcrumbList\",\"@id\":\"https:\\\/\\\/consejojuventudcalahorra.com\\\/cjcc\\\/el-cjcc-desarrolla-en-el-albergue-de-alfaro-el-intercambio-juvenil-emocion-musica-y-arte\\\/#breadcrumb\",\"itemListElement\":[{\"@type\":\"ListItem\",\"position\":1,\"name\":\"Portada\",\"item\":\"https:\\\/\\\/consejojuventudcalahorra.com\\\/cjcc\\\/\"},{\"@type\":\"ListItem\",\"position\":2,\"name\":\"El CJCC desarrolla en el albergue de Alfaro el Intercambio Juvenil \u201cEmoci\u00f3n, M\u00fasica y Arte\u201d\"}]},{\"@type\":\"WebSite\",\"@id\":\"https:\\\/\\\/consejojuventudcalahorra.com\\\/cjcc\\\/#website\",\"url\":\"https:\\\/\\\/consejojuventudcalahorra.com\\\/cjcc\\\/\",\"name\":\"Consejo de la Juventud Comarcal de Calahorra\",\"description\":\"Ser joven es ser algo m\u00e1s\",\"publisher\":{\"@id\":\"https:\\\/\\\/consejojuventudcalahorra.com\\\/cjcc\\\/#organization\"},\"potentialAction\":[{\"@type\":\"SearchAction\",\"target\":{\"@type\":\"EntryPoint\",\"urlTemplate\":\"https:\\\/\\\/consejojuventudcalahorra.com\\\/cjcc\\\/?s={search_term_string}\"},\"query-input\":{\"@type\":\"PropertyValueSpecification\",\"valueRequired\":true,\"valueName\":\"search_term_string\"}}],\"inLanguage\":\"es\"},{\"@type\":\"Organization\",\"@id\":\"https:\\\/\\\/consejojuventudcalahorra.com\\\/cjcc\\\/#organization\",\"name\":\"Consejo de la Juventud Comarcal de Calahorra\",\"url\":\"https:\\\/\\\/consejojuventudcalahorra.com\\\/cjcc\\\/\",\"logo\":{\"@type\":\"ImageObject\",\"inLanguage\":\"es\",\"@id\":\"https:\\\/\\\/consejojuventudcalahorra.com\\\/cjcc\\\/#\\\/schema\\\/logo\\\/image\\\/\",\"url\":\"https:\\\/\\\/consejojuventudcalahorra.com\\\/cjcc\\\/wp-content\\\/uploads\\\/2025\\\/09\\\/Logo-CJCC.png\",\"contentUrl\":\"https:\\\/\\\/consejojuventudcalahorra.com\\\/cjcc\\\/wp-content\\\/uploads\\\/2025\\\/09\\\/Logo-CJCC.png\",\"width\":964,\"height\":660,\"caption\":\"Consejo de la Juventud Comarcal de Calahorra\"},\"image\":{\"@id\":\"https:\\\/\\\/consejojuventudcalahorra.com\\\/cjcc\\\/#\\\/schema\\\/logo\\\/image\\\/\"},\"sameAs\":[\"https:\\\/\\\/www.facebook.com\\\/consejojuventudcalahorra\\\/?locale=es_ES\"]},{\"@type\":\"Person\",\"@id\":\"https:\\\/\\\/consejojuventudcalahorra.com\\\/cjcc\\\/#\\\/schema\\\/person\\\/d253aff657149d7ba139596a2830074c\",\"name\":\"admin\",\"image\":{\"@type\":\"ImageObject\",\"inLanguage\":\"es\",\"@id\":\"https:\\\/\\\/secure.gravatar.com\\\/avatar\\\/7f0b7317fa677050c42e96a8889faba4627de455222163352845fae03deb3bb4?s=96&d=mm&r=g\",\"url\":\"https:\\\/\\\/secure.gravatar.com\\\/avatar\\\/7f0b7317fa677050c42e96a8889faba4627de455222163352845fae03deb3bb4?s=96&d=mm&r=g\",\"contentUrl\":\"https:\\\/\\\/secure.gravatar.com\\\/avatar\\\/7f0b7317fa677050c42e96a8889faba4627de455222163352845fae03deb3bb4?s=96&d=mm&r=g\",\"caption\":\"admin\"},\"url\":\"https:\\\/\\\/consejojuventudcalahorra.com\\\/cjcc\\\/author\\\/admin\\\/\"}]}<\/script>\n<!-- \/ Yoast SEO plugin. -->","yoast_head_json":{"title":"El CJCC desarrolla en el albergue de Alfaro el Intercambio Juvenil \u201cEmoci\u00f3n, M\u00fasica y Arte\u201d - Consejo de la Juventud Comarcal de Calahorra","robots":{"index":"index","follow":"follow","max-snippet":"max-snippet:-1","max-image-preview":"max-image-preview:large","max-video-preview":"max-video-preview:-1"},"canonical":"https:\/\/consejojuventudcalahorra.com\/cjcc\/el-cjcc-desarrolla-en-el-albergue-de-alfaro-el-intercambio-juvenil-emocion-musica-y-arte\/","og_locale":"es_ES","og_type":"article","og_title":"El CJCC desarrolla en el albergue de Alfaro el Intercambio Juvenil \u201cEmoci\u00f3n, M\u00fasica y Arte\u201d - Consejo de la Juventud Comarcal de Calahorra","og_description":"Desde el Consejo de la Juventud Comarcal de Calahorra queremos agradecer al Instituto Riojano de la Juventud (IRJ), y en su nombre a su director, Juan Diego Alcaide, as\u00ed como [&hellip;]","og_url":"https:\/\/consejojuventudcalahorra.com\/cjcc\/el-cjcc-desarrolla-en-el-albergue-de-alfaro-el-intercambio-juvenil-emocion-musica-y-arte\/","og_site_name":"Consejo de la Juventud Comarcal de Calahorra","article_publisher":"https:\/\/www.facebook.com\/consejojuventudcalahorra\/?locale=es_ES","article_published_time":"2025-06-18T09:27:36+00:00","article_modified_time":"2025-06-25T07:49:56+00:00","og_image":[{"width":480,"height":640,"url":"https:\/\/consejojuventudcalahorra.com\/cjcc\/wp-content\/uploads\/2025\/06\/2025_06_17-Visita-Intercambio-Juvenil-CJCC.jpeg","type":"image\/jpeg"}],"author":"admin","twitter_card":"summary_large_image","twitter_misc":{"Escrito por":"admin","Tiempo de lectura":"2 minutos"},"schema":{"@context":"https:\/\/schema.org","@graph":[{"@type":"Article","@id":"https:\/\/consejojuventudcalahorra.com\/cjcc\/el-cjcc-desarrolla-en-el-albergue-de-alfaro-el-intercambio-juvenil-emocion-musica-y-arte\/#article","isPartOf":{"@id":"https:\/\/consejojuventudcalahorra.com\/cjcc\/el-cjcc-desarrolla-en-el-albergue-de-alfaro-el-intercambio-juvenil-emocion-musica-y-arte\/"},"author":{"name":"admin","@id":"https:\/\/consejojuventudcalahorra.com\/cjcc\/#\/schema\/person\/d253aff657149d7ba139596a2830074c"},"headline":"El CJCC desarrolla en el albergue de Alfaro el Intercambio Juvenil \u201cEmoci\u00f3n, M\u00fasica y Arte\u201d","datePublished":"2025-06-18T09:27:36+00:00","dateModified":"2025-06-25T07:49:56+00:00","mainEntityOfPage":{"@id":"https:\/\/consejojuventudcalahorra.com\/cjcc\/el-cjcc-desarrolla-en-el-albergue-de-alfaro-el-intercambio-juvenil-emocion-musica-y-arte\/"},"wordCount":337,"publisher":{"@id":"https:\/\/consejojuventudcalahorra.com\/cjcc\/#organization"},"image":{"@id":"https:\/\/consejojuventudcalahorra.com\/cjcc\/el-cjcc-desarrolla-en-el-albergue-de-alfaro-el-intercambio-juvenil-emocion-musica-y-arte\/#primaryimage"},"thumbnailUrl":"https:\/\/consejojuventudcalahorra.com\/cjcc\/wp-content\/uploads\/2025\/06\/2025_06_17-Visita-Intercambio-Juvenil-CJCC.jpeg","articleSection":["Internacional","ocio y tiempo libre"],"inLanguage":"es"},{"@type":"WebPage","@id":"https:\/\/consejojuventudcalahorra.com\/cjcc\/el-cjcc-desarrolla-en-el-albergue-de-alfaro-el-intercambio-juvenil-emocion-musica-y-arte\/","url":"https:\/\/consejojuventudcalahorra.com\/cjcc\/el-cjcc-desarrolla-en-el-albergue-de-alfaro-el-intercambio-juvenil-emocion-musica-y-arte\/","name":"El CJCC desarrolla en el albergue de Alfaro el Intercambio Juvenil \u201cEmoci\u00f3n, M\u00fasica y Arte\u201d - Consejo de la Juventud Comarcal de Calahorra","isPartOf":{"@id":"https:\/\/consejojuventudcalahorra.com\/cjcc\/#website"},"primaryImageOfPage":{"@id":"https:\/\/consejojuventudcalahorra.com\/cjcc\/el-cjcc-desarrolla-en-el-albergue-de-alfaro-el-intercambio-juvenil-emocion-musica-y-arte\/#primaryimage"},"image":{"@id":"https:\/\/consejojuventudcalahorra.com\/cjcc\/el-cjcc-desarrolla-en-el-albergue-de-alfaro-el-intercambio-juvenil-emocion-musica-y-arte\/#primaryimage"},"thumbnailUrl":"https:\/\/consejojuventudcalahorra.com\/cjcc\/wp-content\/uploads\/2025\/06\/2025_06_17-Visita-Intercambio-Juvenil-CJCC.jpeg","datePublished":"2025-06-18T09:27:36+00:00","dateModified":"2025-06-25T07:49:56+00:00","breadcrumb":{"@id":"https:\/\/consejojuventudcalahorra.com\/cjcc\/el-cjcc-desarrolla-en-el-albergue-de-alfaro-el-intercambio-juvenil-emocion-musica-y-arte\/#breadcrumb"},"inLanguage":"es","potentialAction":[{"@type":"ReadAction","target":["https:\/\/consejojuventudcalahorra.com\/cjcc\/el-cjcc-desarrolla-en-el-albergue-de-alfaro-el-intercambio-juvenil-emocion-musica-y-arte\/"]}]},{"@type":"ImageObject","inLanguage":"es","@id":"https:\/\/consejojuventudcalahorra.com\/cjcc\/el-cjcc-desarrolla-en-el-albergue-de-alfaro-el-intercambio-juvenil-emocion-musica-y-arte\/#primaryimage","url":"https:\/\/consejojuventudcalahorra.com\/cjcc\/wp-content\/uploads\/2025\/06\/2025_06_17-Visita-Intercambio-Juvenil-CJCC.jpeg","contentUrl":"https:\/\/consejojuventudcalahorra.com\/cjcc\/wp-content\/uploads\/2025\/06\/2025_06_17-Visita-Intercambio-Juvenil-CJCC.jpeg","width":480,"height":640},{"@type":"BreadcrumbList","@id":"https:\/\/consejojuventudcalahorra.com\/cjcc\/el-cjcc-desarrolla-en-el-albergue-de-alfaro-el-intercambio-juvenil-emocion-musica-y-arte\/#breadcrumb","itemListElement":[{"@type":"ListItem","position":1,"name":"Portada","item":"https:\/\/consejojuventudcalahorra.com\/cjcc\/"},{"@type":"ListItem","position":2,"name":"El CJCC desarrolla en el albergue de Alfaro el Intercambio Juvenil \u201cEmoci\u00f3n, M\u00fasica y Arte\u201d"}]},{"@type":"WebSite","@id":"https:\/\/consejojuventudcalahorra.com\/cjcc\/#website","url":"https:\/\/consejojuventudcalahorra.com\/cjcc\/","name":"Consejo de la Juventud Comarcal de Calahorra","description":"Ser joven es ser algo m\u00e1s","publisher":{"@id":"https:\/\/consejojuventudcalahorra.com\/cjcc\/#organization"},"potentialAction":[{"@type":"SearchAction","target":{"@type":"EntryPoint","urlTemplate":"https:\/\/consejojuventudcalahorra.com\/cjcc\/?s={search_term_string}"},"query-input":{"@type":"PropertyValueSpecification","valueRequired":true,"valueName":"search_term_string"}}],"inLanguage":"es"},{"@type":"Organization","@id":"https:\/\/consejojuventudcalahorra.com\/cjcc\/#organization","name":"Consejo de la Juventud Comarcal de Calahorra","url":"https:\/\/consejojuventudcalahorra.com\/cjcc\/","logo":{"@type":"ImageObject","inLanguage":"es","@id":"https:\/\/consejojuventudcalahorra.com\/cjcc\/#\/schema\/logo\/image\/","url":"https:\/\/consejojuventudcalahorra.com\/cjcc\/wp-content\/uploads\/2025\/09\/Logo-CJCC.png","contentUrl":"https:\/\/consejojuventudcalahorra.com\/cjcc\/wp-content\/uploads\/2025\/09\/Logo-CJCC.png","width":964,"height":660,"caption":"Consejo de la Juventud Comarcal de Calahorra"},"image":{"@id":"https:\/\/consejojuventudcalahorra.com\/cjcc\/#\/schema\/logo\/image\/"},"sameAs":["https:\/\/www.facebook.com\/consejojuventudcalahorra\/?locale=es_ES"]},{"@type":"Person","@id":"https:\/\/consejojuventudcalahorra.com\/cjcc\/#\/schema\/person\/d253aff657149d7ba139596a2830074c","name":"admin","image":{"@type":"ImageObject","inLanguage":"es","@id":"https:\/\/secure.gravatar.com\/avatar\/7f0b7317fa677050c42e96a8889faba4627de455222163352845fae03deb3bb4?s=96&d=mm&r=g","url":"https:\/\/secure.gravatar.com\/avatar\/7f0b7317fa677050c42e96a8889faba4627de455222163352845fae03deb3bb4?s=96&d=mm&r=g","contentUrl":"https:\/\/secure.gravatar.com\/avatar\/7f0b7317fa677050c42e96a8889faba4627de455222163352845fae03deb3bb4?s=96&d=mm&r=g","caption":"admin"},"url":"https:\/\/consejojuventudcalahorra.com\/cjcc\/author\/admin\/"}]}},"_links":{"self":[{"href":"https:\/\/consejojuventudcalahorra.com\/cjcc\/wp-json\/wp\/v2\/posts\/8896","targetHints":{"allow":["GET"]}}],"collection":[{"href":"https:\/\/consejojuventudcalahorra.com\/cjcc\/wp-json\/wp\/v2\/posts"}],"about":[{"href":"https:\/\/consejojuventudcalahorra.com\/cjcc\/wp-json\/wp\/v2\/types\/post"}],"author":[{"embeddable":true,"href":"https:\/\/consejojuventudcalahorra.com\/cjcc\/wp-json\/wp\/v2\/users\/1"}],"replies":[{"embeddable":true,"href":"https:\/\/consejojuventudcalahorra.com\/cjcc\/wp-json\/wp\/v2\/comments?post=8896"}],"version-history":[{"count":3,"href":"https:\/\/consejojuventudcalahorra.com\/cjcc\/wp-json\/wp\/v2\/posts\/8896\/revisions"}],"predecessor-version":[{"id":8981,"href":"https:\/\/consejojuventudcalahorra.com\/cjcc\/wp-json\/wp\/v2\/posts\/8896\/revisions\/8981"}],"wp:featuredmedia":[{"embeddable":true,"href":"https:\/\/consejojuventudcalahorra.com\/cjcc\/wp-json\/wp\/v2\/media\/8899"}],"wp:attachment":[{"href":"https:\/\/consejojuventudcalahorra.com\/cjcc\/wp-json\/wp\/v2\/media?parent=8896"}],"wp:term":[{"taxonomy":"category","embeddable":true,"href":"https:\/\/consejojuventudcalahorra.com\/cjcc\/wp-json\/wp\/v2\/categories?post=8896"},{"taxonomy":"post_tag","embeddable":true,"href":"https:\/\/consejojuventudcalahorra.com\/cjcc\/wp-json\/wp\/v2\/tags?post=8896"}],"curies":[{"name":"wp","href":"https:\/\/api.w.org\/{rel}","templated":true}]}}