{"id":8311,"date":"2025-04-22T09:51:47","date_gmt":"2025-04-22T07:51:47","guid":{"rendered":"https:\/\/consejojuventudcalahorra.com\/cjcc\/?p=8311"},"modified":"2025-06-25T09:49:58","modified_gmt":"2025-06-25T07:49:58","slug":"exito-en-la-primera-salida-de-jovenes-en-ruta-por-la-pedania-de-murillo-y-la-ribera-del-ebro","status":"publish","type":"post","link":"https:\/\/consejojuventudcalahorra.com\/cjcc\/exito-en-la-primera-salida-de-jovenes-en-ruta-por-la-pedania-de-murillo-y-la-ribera-del-ebro\/","title":{"rendered":"\u00c9xito en la primera salida de \u201cJ\u00f3venes en Ruta\u201d por la pedan\u00eda de Murillo y la ribera del Ebro"},"content":{"rendered":"<p style=\"font-weight: 400;\">El pasado s\u00e1bado 5 de abril, el Consejo de la Juventud Comarcal de Calahorra llev\u00f3 a cabo con gran acogida la primera actividad del programa \u201cJ\u00f3venes en Ruta\u201d, un proyecto dise\u00f1ado para promover h\u00e1bitos de vida saludables entre la juventud y, al mismo tiempo, poner en valor el rico entorno natural de nuestra comarca.<\/p>\n<p style=\"font-weight: 400;\">En esta primera salida, exploramos la pedan\u00eda de Murillo y sus alrededores, disfrutando de un recorrido la huerta calagurritana y ribera del r\u00edo Ebro hasta llegar a la presa. Tambi\u00e9n descubrimos con sorpresa paisajes poco conocidos como el antiguo canal de Lodosa, conocido como \u00abCanal Victoria-Alfonso\u00bb, una parte de nuestro patrimonio que muchas de las personas participantes no conoc\u00edan.<\/p>\n<p style=\"font-weight: 400;\">Desde el CJCC queremos invitar a todos los j\u00f3venes de la comarca a sumarse a la\u00a0<strong>pr\u00f3xima ruta<\/strong>, que tendr\u00e1 lugar el\u00a0<strong>s\u00e1bado 17 de mayo<\/strong>. En esta ocasi\u00f3n, partiremos desde el\u00a0<strong>Santuario de Nuestra Se\u00f1ora del Carmen<\/strong>, recorriendo r\u00edo abajo una nueva y espectacular zona de la ribera del Ebro. Prometemos un itinerario lleno de naturaleza, convivencia y descubrimientos.<\/p>\n<p style=\"font-weight: 400;\"><strong>\u201cJ\u00f3venes en Ruta\u201d<\/strong>\u00a0es una\u00a0<strong>actividad totalmente gratuita<\/strong>, abierta a toda la juventud interesada, y forma parte del compromiso del CJCC e IRJ con la promoci\u00f3n de un ocio saludable, sostenible y conectado con nuestro entorno.<\/p>\n<p style=\"font-weight: 400;\">Para m\u00e1s informaci\u00f3n o inscripciones, puedes contactar con el Consejo de la Juventud Comarcal de Calahorra a trav\u00e9s de nuestras redes sociales o en nuestro local habitual.<\/p>\n<p style=\"font-weight: 400;\">\n","protected":false},"excerpt":{"rendered":"<p>El pasado s\u00e1bado 5 de abril, el Consejo de la Juventud Comarcal de Calahorra llev\u00f3 a cabo con gran acogida la primera actividad del programa \u201cJ\u00f3venes en Ruta\u201d, un proyecto [&hellip;]<\/p>\n","protected":false},"author":1,"featured_media":8312,"comment_status":"closed","ping_status":"open","sticky":false,"template":"","format":"standard","meta":{"_et_pb_use_builder":"","_et_pb_old_content":"","_et_gb_content_width":"","footnotes":""},"categories":[24,97],"tags":[],"class_list":["post-8311","post","type-post","status-publish","format-standard","has-post-thumbnail","hentry","category-ocio-y-tiempo-libre","category-salud"],"yoast_head":"<!-- This site is optimized with the Yoast SEO plugin v27.5 - https:\/\/yoast.com\/product\/yoast-seo-wordpress\/ -->\n<title>\u00c9xito en la primera salida de \u201cJ\u00f3venes en Ruta\u201d por la pedan\u00eda de Murillo y la ribera del Ebro - Consejo de la Juventud Comarcal de Calahorra<\/title>\n<meta name=\"robots\" content=\"index, follow, max-snippet:-1, max-image-preview:large, max-video-preview:-1\" \/>\n<link rel=\"canonical\" href=\"https:\/\/consejojuventudcalahorra.com\/cjcc\/exito-en-la-primera-salida-de-jovenes-en-ruta-por-la-pedania-de-murillo-y-la-ribera-del-ebro\/\" \/>\n<meta property=\"og:locale\" content=\"es_ES\" \/>\n<meta property=\"og:type\" content=\"article\" \/>\n<meta property=\"og:title\" content=\"\u00c9xito en la primera salida de \u201cJ\u00f3venes en Ruta\u201d por la pedan\u00eda de Murillo y la ribera del Ebro - Consejo de la Juventud Comarcal de Calahorra\" \/>\n<meta property=\"og:description\" content=\"El pasado s\u00e1bado 5 de abril, el Consejo de la Juventud Comarcal de Calahorra llev\u00f3 a cabo con gran acogida la primera actividad del programa \u201cJ\u00f3venes en Ruta\u201d, un proyecto [&hellip;]\" \/>\n<meta property=\"og:url\" content=\"https:\/\/consejojuventudcalahorra.com\/cjcc\/exito-en-la-primera-salida-de-jovenes-en-ruta-por-la-pedania-de-murillo-y-la-ribera-del-ebro\/\" \/>\n<meta property=\"og:site_name\" content=\"Consejo de la Juventud Comarcal de Calahorra\" \/>\n<meta property=\"article:publisher\" content=\"https:\/\/www.facebook.com\/consejojuventudcalahorra\/?locale=es_ES\" \/>\n<meta property=\"article:published_time\" content=\"2025-04-22T07:51:47+00:00\" \/>\n<meta property=\"article:modified_time\" content=\"2025-06-25T07:49:58+00:00\" \/>\n<meta property=\"og:image\" content=\"https:\/\/consejojuventudcalahorra.com\/cjcc\/wp-content\/uploads\/2025\/04\/2025_04_08-Jovenes-en-Ruta-Murillo.jpeg\" \/>\n\t<meta property=\"og:image:width\" content=\"640\" \/>\n\t<meta property=\"og:image:height\" content=\"427\" \/>\n\t<meta property=\"og:image:type\" content=\"image\/jpeg\" \/>\n<meta name=\"author\" content=\"admin\" \/>\n<meta name=\"twitter:card\" content=\"summary_large_image\" \/>\n<meta name=\"twitter:label1\" content=\"Escrito por\" \/>\n\t<meta name=\"twitter:data1\" content=\"admin\" \/>\n\t<meta name=\"twitter:label2\" content=\"Tiempo de lectura\" \/>\n\t<meta name=\"twitter:data2\" content=\"2 minutos\" \/>\n<script type=\"application\/ld+json\" class=\"yoast-schema-graph\">{\"@context\":\"https:\\\/\\\/schema.org\",\"@graph\":[{\"@type\":\"Article\",\"@id\":\"https:\\\/\\\/consejojuventudcalahorra.com\\\/cjcc\\\/exito-en-la-primera-salida-de-jovenes-en-ruta-por-la-pedania-de-murillo-y-la-ribera-del-ebro\\\/#article\",\"isPartOf\":{\"@id\":\"https:\\\/\\\/consejojuventudcalahorra.com\\\/cjcc\\\/exito-en-la-primera-salida-de-jovenes-en-ruta-por-la-pedania-de-murillo-y-la-ribera-del-ebro\\\/\"},\"author\":{\"name\":\"admin\",\"@id\":\"https:\\\/\\\/consejojuventudcalahorra.com\\\/cjcc\\\/#\\\/schema\\\/person\\\/d253aff657149d7ba139596a2830074c\"},\"headline\":\"\u00c9xito en la primera salida de \u201cJ\u00f3venes en Ruta\u201d por la pedan\u00eda de Murillo y la ribera del Ebro\",\"datePublished\":\"2025-04-22T07:51:47+00:00\",\"dateModified\":\"2025-06-25T07:49:58+00:00\",\"mainEntityOfPage\":{\"@id\":\"https:\\\/\\\/consejojuventudcalahorra.com\\\/cjcc\\\/exito-en-la-primera-salida-de-jovenes-en-ruta-por-la-pedania-de-murillo-y-la-ribera-del-ebro\\\/\"},\"wordCount\":274,\"publisher\":{\"@id\":\"https:\\\/\\\/consejojuventudcalahorra.com\\\/cjcc\\\/#organization\"},\"image\":{\"@id\":\"https:\\\/\\\/consejojuventudcalahorra.com\\\/cjcc\\\/exito-en-la-primera-salida-de-jovenes-en-ruta-por-la-pedania-de-murillo-y-la-ribera-del-ebro\\\/#primaryimage\"},\"thumbnailUrl\":\"https:\\\/\\\/consejojuventudcalahorra.com\\\/cjcc\\\/wp-content\\\/uploads\\\/2025\\\/04\\\/2025_04_08-Jovenes-en-Ruta-Murillo.jpeg\",\"articleSection\":[\"ocio y tiempo libre\",\"Salud\"],\"inLanguage\":\"es\"},{\"@type\":\"WebPage\",\"@id\":\"https:\\\/\\\/consejojuventudcalahorra.com\\\/cjcc\\\/exito-en-la-primera-salida-de-jovenes-en-ruta-por-la-pedania-de-murillo-y-la-ribera-del-ebro\\\/\",\"url\":\"https:\\\/\\\/consejojuventudcalahorra.com\\\/cjcc\\\/exito-en-la-primera-salida-de-jovenes-en-ruta-por-la-pedania-de-murillo-y-la-ribera-del-ebro\\\/\",\"name\":\"\u00c9xito en la primera salida de \u201cJ\u00f3venes en Ruta\u201d por la pedan\u00eda de Murillo y la ribera del Ebro - Consejo de la Juventud Comarcal de Calahorra\",\"isPartOf\":{\"@id\":\"https:\\\/\\\/consejojuventudcalahorra.com\\\/cjcc\\\/#website\"},\"primaryImageOfPage\":{\"@id\":\"https:\\\/\\\/consejojuventudcalahorra.com\\\/cjcc\\\/exito-en-la-primera-salida-de-jovenes-en-ruta-por-la-pedania-de-murillo-y-la-ribera-del-ebro\\\/#primaryimage\"},\"image\":{\"@id\":\"https:\\\/\\\/consejojuventudcalahorra.com\\\/cjcc\\\/exito-en-la-primera-salida-de-jovenes-en-ruta-por-la-pedania-de-murillo-y-la-ribera-del-ebro\\\/#primaryimage\"},\"thumbnailUrl\":\"https:\\\/\\\/consejojuventudcalahorra.com\\\/cjcc\\\/wp-content\\\/uploads\\\/2025\\\/04\\\/2025_04_08-Jovenes-en-Ruta-Murillo.jpeg\",\"datePublished\":\"2025-04-22T07:51:47+00:00\",\"dateModified\":\"2025-06-25T07:49:58+00:00\",\"breadcrumb\":{\"@id\":\"https:\\\/\\\/consejojuventudcalahorra.com\\\/cjcc\\\/exito-en-la-primera-salida-de-jovenes-en-ruta-por-la-pedania-de-murillo-y-la-ribera-del-ebro\\\/#breadcrumb\"},\"inLanguage\":\"es\",\"potentialAction\":[{\"@type\":\"ReadAction\",\"target\":[\"https:\\\/\\\/consejojuventudcalahorra.com\\\/cjcc\\\/exito-en-la-primera-salida-de-jovenes-en-ruta-por-la-pedania-de-murillo-y-la-ribera-del-ebro\\\/\"]}]},{\"@type\":\"ImageObject\",\"inLanguage\":\"es\",\"@id\":\"https:\\\/\\\/consejojuventudcalahorra.com\\\/cjcc\\\/exito-en-la-primera-salida-de-jovenes-en-ruta-por-la-pedania-de-murillo-y-la-ribera-del-ebro\\\/#primaryimage\",\"url\":\"https:\\\/\\\/consejojuventudcalahorra.com\\\/cjcc\\\/wp-content\\\/uploads\\\/2025\\\/04\\\/2025_04_08-Jovenes-en-Ruta-Murillo.jpeg\",\"contentUrl\":\"https:\\\/\\\/consejojuventudcalahorra.com\\\/cjcc\\\/wp-content\\\/uploads\\\/2025\\\/04\\\/2025_04_08-Jovenes-en-Ruta-Murillo.jpeg\",\"width\":640,\"height\":427},{\"@type\":\"BreadcrumbList\",\"@id\":\"https:\\\/\\\/consejojuventudcalahorra.com\\\/cjcc\\\/exito-en-la-primera-salida-de-jovenes-en-ruta-por-la-pedania-de-murillo-y-la-ribera-del-ebro\\\/#breadcrumb\",\"itemListElement\":[{\"@type\":\"ListItem\",\"position\":1,\"name\":\"Portada\",\"item\":\"https:\\\/\\\/consejojuventudcalahorra.com\\\/cjcc\\\/\"},{\"@type\":\"ListItem\",\"position\":2,\"name\":\"\u00c9xito en la primera salida de \u201cJ\u00f3venes en Ruta\u201d por la pedan\u00eda de Murillo y la ribera del Ebro\"}]},{\"@type\":\"WebSite\",\"@id\":\"https:\\\/\\\/consejojuventudcalahorra.com\\\/cjcc\\\/#website\",\"url\":\"https:\\\/\\\/consejojuventudcalahorra.com\\\/cjcc\\\/\",\"name\":\"Consejo de la Juventud Comarcal de Calahorra\",\"description\":\"Ser joven es ser algo m\u00e1s\",\"publisher\":{\"@id\":\"https:\\\/\\\/consejojuventudcalahorra.com\\\/cjcc\\\/#organization\"},\"potentialAction\":[{\"@type\":\"SearchAction\",\"target\":{\"@type\":\"EntryPoint\",\"urlTemplate\":\"https:\\\/\\\/consejojuventudcalahorra.com\\\/cjcc\\\/?s={search_term_string}\"},\"query-input\":{\"@type\":\"PropertyValueSpecification\",\"valueRequired\":true,\"valueName\":\"search_term_string\"}}],\"inLanguage\":\"es\"},{\"@type\":\"Organization\",\"@id\":\"https:\\\/\\\/consejojuventudcalahorra.com\\\/cjcc\\\/#organization\",\"name\":\"Consejo de la Juventud Comarcal de Calahorra\",\"url\":\"https:\\\/\\\/consejojuventudcalahorra.com\\\/cjcc\\\/\",\"logo\":{\"@type\":\"ImageObject\",\"inLanguage\":\"es\",\"@id\":\"https:\\\/\\\/consejojuventudcalahorra.com\\\/cjcc\\\/#\\\/schema\\\/logo\\\/image\\\/\",\"url\":\"https:\\\/\\\/consejojuventudcalahorra.com\\\/cjcc\\\/wp-content\\\/uploads\\\/2025\\\/09\\\/Logo-CJCC.png\",\"contentUrl\":\"https:\\\/\\\/consejojuventudcalahorra.com\\\/cjcc\\\/wp-content\\\/uploads\\\/2025\\\/09\\\/Logo-CJCC.png\",\"width\":964,\"height\":660,\"caption\":\"Consejo de la Juventud Comarcal de Calahorra\"},\"image\":{\"@id\":\"https:\\\/\\\/consejojuventudcalahorra.com\\\/cjcc\\\/#\\\/schema\\\/logo\\\/image\\\/\"},\"sameAs\":[\"https:\\\/\\\/www.facebook.com\\\/consejojuventudcalahorra\\\/?locale=es_ES\"]},{\"@type\":\"Person\",\"@id\":\"https:\\\/\\\/consejojuventudcalahorra.com\\\/cjcc\\\/#\\\/schema\\\/person\\\/d253aff657149d7ba139596a2830074c\",\"name\":\"admin\",\"image\":{\"@type\":\"ImageObject\",\"inLanguage\":\"es\",\"@id\":\"https:\\\/\\\/secure.gravatar.com\\\/avatar\\\/7f0b7317fa677050c42e96a8889faba4627de455222163352845fae03deb3bb4?s=96&d=mm&r=g\",\"url\":\"https:\\\/\\\/secure.gravatar.com\\\/avatar\\\/7f0b7317fa677050c42e96a8889faba4627de455222163352845fae03deb3bb4?s=96&d=mm&r=g\",\"contentUrl\":\"https:\\\/\\\/secure.gravatar.com\\\/avatar\\\/7f0b7317fa677050c42e96a8889faba4627de455222163352845fae03deb3bb4?s=96&d=mm&r=g\",\"caption\":\"admin\"},\"url\":\"https:\\\/\\\/consejojuventudcalahorra.com\\\/cjcc\\\/author\\\/admin\\\/\"}]}<\/script>\n<!-- \/ Yoast SEO plugin. -->","yoast_head_json":{"title":"\u00c9xito en la primera salida de \u201cJ\u00f3venes en Ruta\u201d por la pedan\u00eda de Murillo y la ribera del Ebro - Consejo de la Juventud Comarcal de Calahorra","robots":{"index":"index","follow":"follow","max-snippet":"max-snippet:-1","max-image-preview":"max-image-preview:large","max-video-preview":"max-video-preview:-1"},"canonical":"https:\/\/consejojuventudcalahorra.com\/cjcc\/exito-en-la-primera-salida-de-jovenes-en-ruta-por-la-pedania-de-murillo-y-la-ribera-del-ebro\/","og_locale":"es_ES","og_type":"article","og_title":"\u00c9xito en la primera salida de \u201cJ\u00f3venes en Ruta\u201d por la pedan\u00eda de Murillo y la ribera del Ebro - Consejo de la Juventud Comarcal de Calahorra","og_description":"El pasado s\u00e1bado 5 de abril, el Consejo de la Juventud Comarcal de Calahorra llev\u00f3 a cabo con gran acogida la primera actividad del programa \u201cJ\u00f3venes en Ruta\u201d, un proyecto [&hellip;]","og_url":"https:\/\/consejojuventudcalahorra.com\/cjcc\/exito-en-la-primera-salida-de-jovenes-en-ruta-por-la-pedania-de-murillo-y-la-ribera-del-ebro\/","og_site_name":"Consejo de la Juventud Comarcal de Calahorra","article_publisher":"https:\/\/www.facebook.com\/consejojuventudcalahorra\/?locale=es_ES","article_published_time":"2025-04-22T07:51:47+00:00","article_modified_time":"2025-06-25T07:49:58+00:00","og_image":[{"width":640,"height":427,"url":"https:\/\/consejojuventudcalahorra.com\/cjcc\/wp-content\/uploads\/2025\/04\/2025_04_08-Jovenes-en-Ruta-Murillo.jpeg","type":"image\/jpeg"}],"author":"admin","twitter_card":"summary_large_image","twitter_misc":{"Escrito por":"admin","Tiempo de lectura":"2 minutos"},"schema":{"@context":"https:\/\/schema.org","@graph":[{"@type":"Article","@id":"https:\/\/consejojuventudcalahorra.com\/cjcc\/exito-en-la-primera-salida-de-jovenes-en-ruta-por-la-pedania-de-murillo-y-la-ribera-del-ebro\/#article","isPartOf":{"@id":"https:\/\/consejojuventudcalahorra.com\/cjcc\/exito-en-la-primera-salida-de-jovenes-en-ruta-por-la-pedania-de-murillo-y-la-ribera-del-ebro\/"},"author":{"name":"admin","@id":"https:\/\/consejojuventudcalahorra.com\/cjcc\/#\/schema\/person\/d253aff657149d7ba139596a2830074c"},"headline":"\u00c9xito en la primera salida de \u201cJ\u00f3venes en Ruta\u201d por la pedan\u00eda de Murillo y la ribera del Ebro","datePublished":"2025-04-22T07:51:47+00:00","dateModified":"2025-06-25T07:49:58+00:00","mainEntityOfPage":{"@id":"https:\/\/consejojuventudcalahorra.com\/cjcc\/exito-en-la-primera-salida-de-jovenes-en-ruta-por-la-pedania-de-murillo-y-la-ribera-del-ebro\/"},"wordCount":274,"publisher":{"@id":"https:\/\/consejojuventudcalahorra.com\/cjcc\/#organization"},"image":{"@id":"https:\/\/consejojuventudcalahorra.com\/cjcc\/exito-en-la-primera-salida-de-jovenes-en-ruta-por-la-pedania-de-murillo-y-la-ribera-del-ebro\/#primaryimage"},"thumbnailUrl":"https:\/\/consejojuventudcalahorra.com\/cjcc\/wp-content\/uploads\/2025\/04\/2025_04_08-Jovenes-en-Ruta-Murillo.jpeg","articleSection":["ocio y tiempo libre","Salud"],"inLanguage":"es"},{"@type":"WebPage","@id":"https:\/\/consejojuventudcalahorra.com\/cjcc\/exito-en-la-primera-salida-de-jovenes-en-ruta-por-la-pedania-de-murillo-y-la-ribera-del-ebro\/","url":"https:\/\/consejojuventudcalahorra.com\/cjcc\/exito-en-la-primera-salida-de-jovenes-en-ruta-por-la-pedania-de-murillo-y-la-ribera-del-ebro\/","name":"\u00c9xito en la primera salida de \u201cJ\u00f3venes en Ruta\u201d por la pedan\u00eda de Murillo y la ribera del Ebro - Consejo de la Juventud Comarcal de Calahorra","isPartOf":{"@id":"https:\/\/consejojuventudcalahorra.com\/cjcc\/#website"},"primaryImageOfPage":{"@id":"https:\/\/consejojuventudcalahorra.com\/cjcc\/exito-en-la-primera-salida-de-jovenes-en-ruta-por-la-pedania-de-murillo-y-la-ribera-del-ebro\/#primaryimage"},"image":{"@id":"https:\/\/consejojuventudcalahorra.com\/cjcc\/exito-en-la-primera-salida-de-jovenes-en-ruta-por-la-pedania-de-murillo-y-la-ribera-del-ebro\/#primaryimage"},"thumbnailUrl":"https:\/\/consejojuventudcalahorra.com\/cjcc\/wp-content\/uploads\/2025\/04\/2025_04_08-Jovenes-en-Ruta-Murillo.jpeg","datePublished":"2025-04-22T07:51:47+00:00","dateModified":"2025-06-25T07:49:58+00:00","breadcrumb":{"@id":"https:\/\/consejojuventudcalahorra.com\/cjcc\/exito-en-la-primera-salida-de-jovenes-en-ruta-por-la-pedania-de-murillo-y-la-ribera-del-ebro\/#breadcrumb"},"inLanguage":"es","potentialAction":[{"@type":"ReadAction","target":["https:\/\/consejojuventudcalahorra.com\/cjcc\/exito-en-la-primera-salida-de-jovenes-en-ruta-por-la-pedania-de-murillo-y-la-ribera-del-ebro\/"]}]},{"@type":"ImageObject","inLanguage":"es","@id":"https:\/\/consejojuventudcalahorra.com\/cjcc\/exito-en-la-primera-salida-de-jovenes-en-ruta-por-la-pedania-de-murillo-y-la-ribera-del-ebro\/#primaryimage","url":"https:\/\/consejojuventudcalahorra.com\/cjcc\/wp-content\/uploads\/2025\/04\/2025_04_08-Jovenes-en-Ruta-Murillo.jpeg","contentUrl":"https:\/\/consejojuventudcalahorra.com\/cjcc\/wp-content\/uploads\/2025\/04\/2025_04_08-Jovenes-en-Ruta-Murillo.jpeg","width":640,"height":427},{"@type":"BreadcrumbList","@id":"https:\/\/consejojuventudcalahorra.com\/cjcc\/exito-en-la-primera-salida-de-jovenes-en-ruta-por-la-pedania-de-murillo-y-la-ribera-del-ebro\/#breadcrumb","itemListElement":[{"@type":"ListItem","position":1,"name":"Portada","item":"https:\/\/consejojuventudcalahorra.com\/cjcc\/"},{"@type":"ListItem","position":2,"name":"\u00c9xito en la primera salida de \u201cJ\u00f3venes en Ruta\u201d por la pedan\u00eda de Murillo y la ribera del Ebro"}]},{"@type":"WebSite","@id":"https:\/\/consejojuventudcalahorra.com\/cjcc\/#website","url":"https:\/\/consejojuventudcalahorra.com\/cjcc\/","name":"Consejo de la Juventud Comarcal de Calahorra","description":"Ser joven es ser algo m\u00e1s","publisher":{"@id":"https:\/\/consejojuventudcalahorra.com\/cjcc\/#organization"},"potentialAction":[{"@type":"SearchAction","target":{"@type":"EntryPoint","urlTemplate":"https:\/\/consejojuventudcalahorra.com\/cjcc\/?s={search_term_string}"},"query-input":{"@type":"PropertyValueSpecification","valueRequired":true,"valueName":"search_term_string"}}],"inLanguage":"es"},{"@type":"Organization","@id":"https:\/\/consejojuventudcalahorra.com\/cjcc\/#organization","name":"Consejo de la Juventud Comarcal de Calahorra","url":"https:\/\/consejojuventudcalahorra.com\/cjcc\/","logo":{"@type":"ImageObject","inLanguage":"es","@id":"https:\/\/consejojuventudcalahorra.com\/cjcc\/#\/schema\/logo\/image\/","url":"https:\/\/consejojuventudcalahorra.com\/cjcc\/wp-content\/uploads\/2025\/09\/Logo-CJCC.png","contentUrl":"https:\/\/consejojuventudcalahorra.com\/cjcc\/wp-content\/uploads\/2025\/09\/Logo-CJCC.png","width":964,"height":660,"caption":"Consejo de la Juventud Comarcal de Calahorra"},"image":{"@id":"https:\/\/consejojuventudcalahorra.com\/cjcc\/#\/schema\/logo\/image\/"},"sameAs":["https:\/\/www.facebook.com\/consejojuventudcalahorra\/?locale=es_ES"]},{"@type":"Person","@id":"https:\/\/consejojuventudcalahorra.com\/cjcc\/#\/schema\/person\/d253aff657149d7ba139596a2830074c","name":"admin","image":{"@type":"ImageObject","inLanguage":"es","@id":"https:\/\/secure.gravatar.com\/avatar\/7f0b7317fa677050c42e96a8889faba4627de455222163352845fae03deb3bb4?s=96&d=mm&r=g","url":"https:\/\/secure.gravatar.com\/avatar\/7f0b7317fa677050c42e96a8889faba4627de455222163352845fae03deb3bb4?s=96&d=mm&r=g","contentUrl":"https:\/\/secure.gravatar.com\/avatar\/7f0b7317fa677050c42e96a8889faba4627de455222163352845fae03deb3bb4?s=96&d=mm&r=g","caption":"admin"},"url":"https:\/\/consejojuventudcalahorra.com\/cjcc\/author\/admin\/"}]}},"_links":{"self":[{"href":"https:\/\/consejojuventudcalahorra.com\/cjcc\/wp-json\/wp\/v2\/posts\/8311","targetHints":{"allow":["GET"]}}],"collection":[{"href":"https:\/\/consejojuventudcalahorra.com\/cjcc\/wp-json\/wp\/v2\/posts"}],"about":[{"href":"https:\/\/consejojuventudcalahorra.com\/cjcc\/wp-json\/wp\/v2\/types\/post"}],"author":[{"embeddable":true,"href":"https:\/\/consejojuventudcalahorra.com\/cjcc\/wp-json\/wp\/v2\/users\/1"}],"replies":[{"embeddable":true,"href":"https:\/\/consejojuventudcalahorra.com\/cjcc\/wp-json\/wp\/v2\/comments?post=8311"}],"version-history":[{"count":2,"href":"https:\/\/consejojuventudcalahorra.com\/cjcc\/wp-json\/wp\/v2\/posts\/8311\/revisions"}],"predecessor-version":[{"id":8317,"href":"https:\/\/consejojuventudcalahorra.com\/cjcc\/wp-json\/wp\/v2\/posts\/8311\/revisions\/8317"}],"wp:featuredmedia":[{"embeddable":true,"href":"https:\/\/consejojuventudcalahorra.com\/cjcc\/wp-json\/wp\/v2\/media\/8312"}],"wp:attachment":[{"href":"https:\/\/consejojuventudcalahorra.com\/cjcc\/wp-json\/wp\/v2\/media?parent=8311"}],"wp:term":[{"taxonomy":"category","embeddable":true,"href":"https:\/\/consejojuventudcalahorra.com\/cjcc\/wp-json\/wp\/v2\/categories?post=8311"},{"taxonomy":"post_tag","embeddable":true,"href":"https:\/\/consejojuventudcalahorra.com\/cjcc\/wp-json\/wp\/v2\/tags?post=8311"}],"curies":[{"name":"wp","href":"https:\/\/api.w.org\/{rel}","templated":true}]}}