{"id":4358,"date":"2020-11-23T08:46:43","date_gmt":"2020-11-23T08:46:43","guid":{"rendered":"http:\/\/consejojuventudcalahorra.com\/cjcc\/?p=4358"},"modified":"2025-06-25T09:53:23","modified_gmt":"2025-06-25T07:53:23","slug":"reto-verde-2020-reforestacion-del-entorno-el-sabado-28-de-noviembre","status":"publish","type":"post","link":"https:\/\/consejojuventudcalahorra.com\/cjcc\/reto-verde-2020-reforestacion-del-entorno-el-sabado-28-de-noviembre\/","title":{"rendered":"Reto Verde 2020: Reforestaci\u00f3n del entorno el s\u00e1bado 28 de noviembre"},"content":{"rendered":"<p>[et_pb_section fb_built=\u00bb1&#8243; _builder_version=\u00bb4.6.6&#8243; _module_preset=\u00bbdefault\u00bb][et_pb_row _builder_version=\u00bb4.6.6&#8243; _module_preset=\u00bbdefault\u00bb][et_pb_column type=\u00bb4_4&#8243; _builder_version=\u00bb4.6.6&#8243; _module_preset=\u00bbdefault\u00bb][et_pb_text _builder_version=\u00bb4.6.6&#8243; _module_preset=\u00bbdefault\u00bb hover_enabled=\u00bb0&#8243; sticky_enabled=\u00bb0&#8243;]<\/p>\n<p>El Consejo de la Juventud Comarcal de Calahorra anima a la poblaci\u00f3n de Calahorra a participar en su siguiente propuesta <strong>RETO VERDE: REFORESTACI\u00d3N DEL ENTORNO<\/strong>. Esta actividad ha sido seleccionada por <strong>Ecoembes<\/strong> como destinataria de su campa\u00f1a<strong> \u2018Reciclos\u2019<\/strong> y cuenta con la subvenci\u00f3n para actividades medioambientales del <strong>Excmo. Ayto. de Calahorra<\/strong>. Tambi\u00e9n contamos con la colaboraci\u00f3n de <strong>Cruz Roja y Ecologistas en Acci\u00f3n.<\/strong><\/p>\n<p>Reto Verde se trata de un proyecto de <strong>sensibilizaci\u00f3n medioambiental<\/strong> dividido en dos fases: <strong>limpieza y reforestaci\u00f3n<\/strong>. Con \u00e9l se pretende sensibilizar a la poblaci\u00f3n, sobre todo a los m\u00e1s j\u00f3venes, sobre el cuidado y mantenimiento del entorno de nuestra ciudad.<\/p>\n<p>En la edici\u00f3n de este a\u00f1o, en el mes de julio se realiz\u00f3 la primera con la limpieza del entorno del Pantano de El Perdiguero, que fue la primera actividad presencial que el CJCC celebr\u00f3 en su vuelta a la actividad tras el par\u00f3n debido a la pandemia, y que cumpli\u00f3 con todas las expectativas de la organizaci\u00f3n. Se recogieron cuantiosas bolsas con residuos de todo tipo.<\/p>\n<p>La segunda entrega tendr\u00e1 lugar el pr\u00f3ximo<strong> s\u00e1bado 28 de noviembre<\/strong> en horario de ma\u00f1ana. En ella se va a proceder a la <strong>reforestaci\u00f3n con especies aut\u00f3ctonas en el entorno de la Calle Carretera Murillo \u2013 Sector B5<\/strong>, para as\u00ed finalizar la intervenci\u00f3n realizada en ese mismo lugar en la edici\u00f3n pasada. Se organizar\u00e1 a los participantes en grupos de 5 personas m\u00e1s monitor y <strong>cumpliendo con todas las medidas marcadas por las autoridades pertinentes.<\/strong><\/p>\n<p>Para poder participar en esta actividad, es imprescindible la realizaci\u00f3n de <strong>inscripci\u00f3n previa<\/strong> en los tel\u00e9fonos 941 147 746 y 667 463 791, de lunes a viernes en horario de 9:00h a 14:00h. Preferiblemente se debe realizar la inscripci\u00f3n <strong>hasta el 25 de noviembre<\/strong> por motivos organizativos, aunque se mantendr\u00e1 abierto el plazo hasta completar el aforo permitido.<\/p>\n<p>Esta actividad cuenta adem\u00e1s con todos los permisos necesarios por parte de las autoridades para la realizaci\u00f3n de la misma, as\u00ed como dispone de un detallado<strong> protocolo preventivo anti COVID-19.<\/strong><\/p>\n<p>[\/et_pb_text][et_pb_image _builder_version=\u00bb4.6.6&#8243; _module_preset=\u00bbdefault\u00bb alt=\u00bbReto Verde Reforestaci\u00f3n del entorno Cartel 2020:\u00bb title_text=\u00bbConsejo-juventud-calahorra-cjcc-Reto-verde-2020&#8243; src=\u00bbhttp:\/\/consejojuventudcalahorra.com\/cjcc\/wp-content\/uploads\/2020\/11\/Consejo-juventud-calahorra-cjcc-Reto-verde-2020.jpg\u00bb hover_enabled=\u00bb0&#8243; sticky_enabled=\u00bb0&#8243;][\/et_pb_image][\/et_pb_column][\/et_pb_row][\/et_pb_section]<\/p>\n","protected":false},"excerpt":{"rendered":"<p>El Consejo de la Juventud Comarcal de Calahorra anima a la poblaci\u00f3n de Calahorra a participar en su siguiente propuesta RETO VERDE: REFORESTACI\u00d3N DEL ENTORNO. Esta actividad ha sido seleccionada [&hellip;]<\/p>\n","protected":false},"author":1,"featured_media":4361,"comment_status":"closed","ping_status":"open","sticky":false,"template":"","format":"standard","meta":{"_et_pb_use_builder":"on","_et_pb_old_content":"","_et_gb_content_width":"","footnotes":""},"categories":[24],"tags":[],"class_list":["post-4358","post","type-post","status-publish","format-standard","has-post-thumbnail","hentry","category-ocio-y-tiempo-libre"],"yoast_head":"<!-- This site is optimized with the Yoast SEO plugin v27.5 - https:\/\/yoast.com\/product\/yoast-seo-wordpress\/ -->\n<title>Reto Verde 2020: Reforestaci\u00f3n del entorno el s\u00e1bado 28 de noviembre - Consejo de la Juventud Comarcal de Calahorra<\/title>\n<meta name=\"description\" content=\"El Consejo de la Juventud Comarcal de Calahorra anima a la poblaci\u00f3n de Calahorra a participar en su &#039;Reto Verde: Reforestaci\u00f3n del entorno&#039;\" \/>\n<meta name=\"robots\" content=\"index, follow, max-snippet:-1, max-image-preview:large, max-video-preview:-1\" \/>\n<link rel=\"canonical\" href=\"https:\/\/consejojuventudcalahorra.com\/cjcc\/reto-verde-2020-reforestacion-del-entorno-el-sabado-28-de-noviembre\/\" \/>\n<meta property=\"og:locale\" content=\"es_ES\" \/>\n<meta property=\"og:type\" content=\"article\" \/>\n<meta property=\"og:title\" content=\"Reto Verde 2020: Reforestaci\u00f3n del entorno el s\u00e1bado 28 de noviembre - Consejo de la Juventud Comarcal de Calahorra\" \/>\n<meta property=\"og:description\" content=\"El Consejo de la Juventud Comarcal de Calahorra anima a la poblaci\u00f3n de Calahorra a participar en su &#039;Reto Verde: Reforestaci\u00f3n del entorno&#039;\" \/>\n<meta property=\"og:url\" content=\"https:\/\/consejojuventudcalahorra.com\/cjcc\/reto-verde-2020-reforestacion-del-entorno-el-sabado-28-de-noviembre\/\" \/>\n<meta property=\"og:site_name\" content=\"Consejo de la Juventud Comarcal de Calahorra\" \/>\n<meta property=\"article:publisher\" content=\"https:\/\/www.facebook.com\/consejojuventudcalahorra\/?locale=es_ES\" \/>\n<meta property=\"article:published_time\" content=\"2020-11-23T08:46:43+00:00\" \/>\n<meta property=\"article:modified_time\" content=\"2025-06-25T07:53:23+00:00\" \/>\n<meta property=\"og:image\" content=\"https:\/\/consejojuventudcalahorra.com\/cjcc\/wp-content\/uploads\/2020\/11\/Consejo-juventud-calahorra-cjcc-Reto-verde-2020.jpg\" \/>\n\t<meta property=\"og:image:width\" content=\"842\" \/>\n\t<meta property=\"og:image:height\" content=\"1191\" \/>\n\t<meta property=\"og:image:type\" content=\"image\/jpeg\" \/>\n<meta name=\"author\" content=\"admin\" \/>\n<meta name=\"twitter:card\" content=\"summary_large_image\" \/>\n<meta name=\"twitter:label1\" content=\"Escrito por\" \/>\n\t<meta name=\"twitter:data1\" content=\"admin\" \/>\n\t<meta name=\"twitter:label2\" content=\"Tiempo de lectura\" \/>\n\t<meta name=\"twitter:data2\" content=\"2 minutos\" \/>\n<script type=\"application\/ld+json\" class=\"yoast-schema-graph\">{\"@context\":\"https:\\\/\\\/schema.org\",\"@graph\":[{\"@type\":\"Article\",\"@id\":\"https:\\\/\\\/consejojuventudcalahorra.com\\\/cjcc\\\/reto-verde-2020-reforestacion-del-entorno-el-sabado-28-de-noviembre\\\/#article\",\"isPartOf\":{\"@id\":\"https:\\\/\\\/consejojuventudcalahorra.com\\\/cjcc\\\/reto-verde-2020-reforestacion-del-entorno-el-sabado-28-de-noviembre\\\/\"},\"author\":{\"name\":\"admin\",\"@id\":\"https:\\\/\\\/consejojuventudcalahorra.com\\\/cjcc\\\/#\\\/schema\\\/person\\\/d253aff657149d7ba139596a2830074c\"},\"headline\":\"Reto Verde 2020: Reforestaci\u00f3n del entorno el s\u00e1bado 28 de noviembre\",\"datePublished\":\"2020-11-23T08:46:43+00:00\",\"dateModified\":\"2025-06-25T07:53:23+00:00\",\"mainEntityOfPage\":{\"@id\":\"https:\\\/\\\/consejojuventudcalahorra.com\\\/cjcc\\\/reto-verde-2020-reforestacion-del-entorno-el-sabado-28-de-noviembre\\\/\"},\"wordCount\":451,\"publisher\":{\"@id\":\"https:\\\/\\\/consejojuventudcalahorra.com\\\/cjcc\\\/#organization\"},\"image\":{\"@id\":\"https:\\\/\\\/consejojuventudcalahorra.com\\\/cjcc\\\/reto-verde-2020-reforestacion-del-entorno-el-sabado-28-de-noviembre\\\/#primaryimage\"},\"thumbnailUrl\":\"https:\\\/\\\/consejojuventudcalahorra.com\\\/cjcc\\\/wp-content\\\/uploads\\\/2020\\\/11\\\/Consejo-juventud-calahorra-cjcc-Reto-verde-2020.jpg\",\"articleSection\":[\"ocio y tiempo libre\"],\"inLanguage\":\"es\"},{\"@type\":\"WebPage\",\"@id\":\"https:\\\/\\\/consejojuventudcalahorra.com\\\/cjcc\\\/reto-verde-2020-reforestacion-del-entorno-el-sabado-28-de-noviembre\\\/\",\"url\":\"https:\\\/\\\/consejojuventudcalahorra.com\\\/cjcc\\\/reto-verde-2020-reforestacion-del-entorno-el-sabado-28-de-noviembre\\\/\",\"name\":\"Reto Verde 2020: Reforestaci\u00f3n del entorno el s\u00e1bado 28 de noviembre - Consejo de la Juventud Comarcal de Calahorra\",\"isPartOf\":{\"@id\":\"https:\\\/\\\/consejojuventudcalahorra.com\\\/cjcc\\\/#website\"},\"primaryImageOfPage\":{\"@id\":\"https:\\\/\\\/consejojuventudcalahorra.com\\\/cjcc\\\/reto-verde-2020-reforestacion-del-entorno-el-sabado-28-de-noviembre\\\/#primaryimage\"},\"image\":{\"@id\":\"https:\\\/\\\/consejojuventudcalahorra.com\\\/cjcc\\\/reto-verde-2020-reforestacion-del-entorno-el-sabado-28-de-noviembre\\\/#primaryimage\"},\"thumbnailUrl\":\"https:\\\/\\\/consejojuventudcalahorra.com\\\/cjcc\\\/wp-content\\\/uploads\\\/2020\\\/11\\\/Consejo-juventud-calahorra-cjcc-Reto-verde-2020.jpg\",\"datePublished\":\"2020-11-23T08:46:43+00:00\",\"dateModified\":\"2025-06-25T07:53:23+00:00\",\"description\":\"El Consejo de la Juventud Comarcal de Calahorra anima a la poblaci\u00f3n de Calahorra a participar en su 'Reto Verde: Reforestaci\u00f3n del entorno'\",\"breadcrumb\":{\"@id\":\"https:\\\/\\\/consejojuventudcalahorra.com\\\/cjcc\\\/reto-verde-2020-reforestacion-del-entorno-el-sabado-28-de-noviembre\\\/#breadcrumb\"},\"inLanguage\":\"es\",\"potentialAction\":[{\"@type\":\"ReadAction\",\"target\":[\"https:\\\/\\\/consejojuventudcalahorra.com\\\/cjcc\\\/reto-verde-2020-reforestacion-del-entorno-el-sabado-28-de-noviembre\\\/\"]}]},{\"@type\":\"ImageObject\",\"inLanguage\":\"es\",\"@id\":\"https:\\\/\\\/consejojuventudcalahorra.com\\\/cjcc\\\/reto-verde-2020-reforestacion-del-entorno-el-sabado-28-de-noviembre\\\/#primaryimage\",\"url\":\"https:\\\/\\\/consejojuventudcalahorra.com\\\/cjcc\\\/wp-content\\\/uploads\\\/2020\\\/11\\\/Consejo-juventud-calahorra-cjcc-Reto-verde-2020.jpg\",\"contentUrl\":\"https:\\\/\\\/consejojuventudcalahorra.com\\\/cjcc\\\/wp-content\\\/uploads\\\/2020\\\/11\\\/Consejo-juventud-calahorra-cjcc-Reto-verde-2020.jpg\",\"width\":842,\"height\":1191,\"caption\":\"Reto Verde Reforestaci\u00f3n del entorno Cartel 2020:\"},{\"@type\":\"BreadcrumbList\",\"@id\":\"https:\\\/\\\/consejojuventudcalahorra.com\\\/cjcc\\\/reto-verde-2020-reforestacion-del-entorno-el-sabado-28-de-noviembre\\\/#breadcrumb\",\"itemListElement\":[{\"@type\":\"ListItem\",\"position\":1,\"name\":\"Portada\",\"item\":\"https:\\\/\\\/consejojuventudcalahorra.com\\\/cjcc\\\/\"},{\"@type\":\"ListItem\",\"position\":2,\"name\":\"Reto Verde 2020: Reforestaci\u00f3n del entorno el s\u00e1bado 28 de noviembre\"}]},{\"@type\":\"WebSite\",\"@id\":\"https:\\\/\\\/consejojuventudcalahorra.com\\\/cjcc\\\/#website\",\"url\":\"https:\\\/\\\/consejojuventudcalahorra.com\\\/cjcc\\\/\",\"name\":\"Consejo de la Juventud Comarcal de Calahorra\",\"description\":\"Ser joven es ser algo m\u00e1s\",\"publisher\":{\"@id\":\"https:\\\/\\\/consejojuventudcalahorra.com\\\/cjcc\\\/#organization\"},\"potentialAction\":[{\"@type\":\"SearchAction\",\"target\":{\"@type\":\"EntryPoint\",\"urlTemplate\":\"https:\\\/\\\/consejojuventudcalahorra.com\\\/cjcc\\\/?s={search_term_string}\"},\"query-input\":{\"@type\":\"PropertyValueSpecification\",\"valueRequired\":true,\"valueName\":\"search_term_string\"}}],\"inLanguage\":\"es\"},{\"@type\":\"Organization\",\"@id\":\"https:\\\/\\\/consejojuventudcalahorra.com\\\/cjcc\\\/#organization\",\"name\":\"Consejo de la Juventud Comarcal de Calahorra\",\"url\":\"https:\\\/\\\/consejojuventudcalahorra.com\\\/cjcc\\\/\",\"logo\":{\"@type\":\"ImageObject\",\"inLanguage\":\"es\",\"@id\":\"https:\\\/\\\/consejojuventudcalahorra.com\\\/cjcc\\\/#\\\/schema\\\/logo\\\/image\\\/\",\"url\":\"https:\\\/\\\/consejojuventudcalahorra.com\\\/cjcc\\\/wp-content\\\/uploads\\\/2025\\\/09\\\/Logo-CJCC.png\",\"contentUrl\":\"https:\\\/\\\/consejojuventudcalahorra.com\\\/cjcc\\\/wp-content\\\/uploads\\\/2025\\\/09\\\/Logo-CJCC.png\",\"width\":964,\"height\":660,\"caption\":\"Consejo de la Juventud Comarcal de Calahorra\"},\"image\":{\"@id\":\"https:\\\/\\\/consejojuventudcalahorra.com\\\/cjcc\\\/#\\\/schema\\\/logo\\\/image\\\/\"},\"sameAs\":[\"https:\\\/\\\/www.facebook.com\\\/consejojuventudcalahorra\\\/?locale=es_ES\"]},{\"@type\":\"Person\",\"@id\":\"https:\\\/\\\/consejojuventudcalahorra.com\\\/cjcc\\\/#\\\/schema\\\/person\\\/d253aff657149d7ba139596a2830074c\",\"name\":\"admin\",\"image\":{\"@type\":\"ImageObject\",\"inLanguage\":\"es\",\"@id\":\"https:\\\/\\\/secure.gravatar.com\\\/avatar\\\/7f0b7317fa677050c42e96a8889faba4627de455222163352845fae03deb3bb4?s=96&d=mm&r=g\",\"url\":\"https:\\\/\\\/secure.gravatar.com\\\/avatar\\\/7f0b7317fa677050c42e96a8889faba4627de455222163352845fae03deb3bb4?s=96&d=mm&r=g\",\"contentUrl\":\"https:\\\/\\\/secure.gravatar.com\\\/avatar\\\/7f0b7317fa677050c42e96a8889faba4627de455222163352845fae03deb3bb4?s=96&d=mm&r=g\",\"caption\":\"admin\"},\"url\":\"https:\\\/\\\/consejojuventudcalahorra.com\\\/cjcc\\\/author\\\/admin\\\/\"}]}<\/script>\n<!-- \/ Yoast SEO plugin. -->","yoast_head_json":{"title":"Reto Verde 2020: Reforestaci\u00f3n del entorno el s\u00e1bado 28 de noviembre - Consejo de la Juventud Comarcal de Calahorra","description":"El Consejo de la Juventud Comarcal de Calahorra anima a la poblaci\u00f3n de Calahorra a participar en su 'Reto Verde: Reforestaci\u00f3n del entorno'","robots":{"index":"index","follow":"follow","max-snippet":"max-snippet:-1","max-image-preview":"max-image-preview:large","max-video-preview":"max-video-preview:-1"},"canonical":"https:\/\/consejojuventudcalahorra.com\/cjcc\/reto-verde-2020-reforestacion-del-entorno-el-sabado-28-de-noviembre\/","og_locale":"es_ES","og_type":"article","og_title":"Reto Verde 2020: Reforestaci\u00f3n del entorno el s\u00e1bado 28 de noviembre - Consejo de la Juventud Comarcal de Calahorra","og_description":"El Consejo de la Juventud Comarcal de Calahorra anima a la poblaci\u00f3n de Calahorra a participar en su 'Reto Verde: Reforestaci\u00f3n del entorno'","og_url":"https:\/\/consejojuventudcalahorra.com\/cjcc\/reto-verde-2020-reforestacion-del-entorno-el-sabado-28-de-noviembre\/","og_site_name":"Consejo de la Juventud Comarcal de Calahorra","article_publisher":"https:\/\/www.facebook.com\/consejojuventudcalahorra\/?locale=es_ES","article_published_time":"2020-11-23T08:46:43+00:00","article_modified_time":"2025-06-25T07:53:23+00:00","og_image":[{"width":842,"height":1191,"url":"https:\/\/consejojuventudcalahorra.com\/cjcc\/wp-content\/uploads\/2020\/11\/Consejo-juventud-calahorra-cjcc-Reto-verde-2020.jpg","type":"image\/jpeg"}],"author":"admin","twitter_card":"summary_large_image","twitter_misc":{"Escrito por":"admin","Tiempo de lectura":"2 minutos"},"schema":{"@context":"https:\/\/schema.org","@graph":[{"@type":"Article","@id":"https:\/\/consejojuventudcalahorra.com\/cjcc\/reto-verde-2020-reforestacion-del-entorno-el-sabado-28-de-noviembre\/#article","isPartOf":{"@id":"https:\/\/consejojuventudcalahorra.com\/cjcc\/reto-verde-2020-reforestacion-del-entorno-el-sabado-28-de-noviembre\/"},"author":{"name":"admin","@id":"https:\/\/consejojuventudcalahorra.com\/cjcc\/#\/schema\/person\/d253aff657149d7ba139596a2830074c"},"headline":"Reto Verde 2020: Reforestaci\u00f3n del entorno el s\u00e1bado 28 de noviembre","datePublished":"2020-11-23T08:46:43+00:00","dateModified":"2025-06-25T07:53:23+00:00","mainEntityOfPage":{"@id":"https:\/\/consejojuventudcalahorra.com\/cjcc\/reto-verde-2020-reforestacion-del-entorno-el-sabado-28-de-noviembre\/"},"wordCount":451,"publisher":{"@id":"https:\/\/consejojuventudcalahorra.com\/cjcc\/#organization"},"image":{"@id":"https:\/\/consejojuventudcalahorra.com\/cjcc\/reto-verde-2020-reforestacion-del-entorno-el-sabado-28-de-noviembre\/#primaryimage"},"thumbnailUrl":"https:\/\/consejojuventudcalahorra.com\/cjcc\/wp-content\/uploads\/2020\/11\/Consejo-juventud-calahorra-cjcc-Reto-verde-2020.jpg","articleSection":["ocio y tiempo libre"],"inLanguage":"es"},{"@type":"WebPage","@id":"https:\/\/consejojuventudcalahorra.com\/cjcc\/reto-verde-2020-reforestacion-del-entorno-el-sabado-28-de-noviembre\/","url":"https:\/\/consejojuventudcalahorra.com\/cjcc\/reto-verde-2020-reforestacion-del-entorno-el-sabado-28-de-noviembre\/","name":"Reto Verde 2020: Reforestaci\u00f3n del entorno el s\u00e1bado 28 de noviembre - Consejo de la Juventud Comarcal de Calahorra","isPartOf":{"@id":"https:\/\/consejojuventudcalahorra.com\/cjcc\/#website"},"primaryImageOfPage":{"@id":"https:\/\/consejojuventudcalahorra.com\/cjcc\/reto-verde-2020-reforestacion-del-entorno-el-sabado-28-de-noviembre\/#primaryimage"},"image":{"@id":"https:\/\/consejojuventudcalahorra.com\/cjcc\/reto-verde-2020-reforestacion-del-entorno-el-sabado-28-de-noviembre\/#primaryimage"},"thumbnailUrl":"https:\/\/consejojuventudcalahorra.com\/cjcc\/wp-content\/uploads\/2020\/11\/Consejo-juventud-calahorra-cjcc-Reto-verde-2020.jpg","datePublished":"2020-11-23T08:46:43+00:00","dateModified":"2025-06-25T07:53:23+00:00","description":"El Consejo de la Juventud Comarcal de Calahorra anima a la poblaci\u00f3n de Calahorra a participar en su 'Reto Verde: Reforestaci\u00f3n del entorno'","breadcrumb":{"@id":"https:\/\/consejojuventudcalahorra.com\/cjcc\/reto-verde-2020-reforestacion-del-entorno-el-sabado-28-de-noviembre\/#breadcrumb"},"inLanguage":"es","potentialAction":[{"@type":"ReadAction","target":["https:\/\/consejojuventudcalahorra.com\/cjcc\/reto-verde-2020-reforestacion-del-entorno-el-sabado-28-de-noviembre\/"]}]},{"@type":"ImageObject","inLanguage":"es","@id":"https:\/\/consejojuventudcalahorra.com\/cjcc\/reto-verde-2020-reforestacion-del-entorno-el-sabado-28-de-noviembre\/#primaryimage","url":"https:\/\/consejojuventudcalahorra.com\/cjcc\/wp-content\/uploads\/2020\/11\/Consejo-juventud-calahorra-cjcc-Reto-verde-2020.jpg","contentUrl":"https:\/\/consejojuventudcalahorra.com\/cjcc\/wp-content\/uploads\/2020\/11\/Consejo-juventud-calahorra-cjcc-Reto-verde-2020.jpg","width":842,"height":1191,"caption":"Reto Verde Reforestaci\u00f3n del entorno Cartel 2020:"},{"@type":"BreadcrumbList","@id":"https:\/\/consejojuventudcalahorra.com\/cjcc\/reto-verde-2020-reforestacion-del-entorno-el-sabado-28-de-noviembre\/#breadcrumb","itemListElement":[{"@type":"ListItem","position":1,"name":"Portada","item":"https:\/\/consejojuventudcalahorra.com\/cjcc\/"},{"@type":"ListItem","position":2,"name":"Reto Verde 2020: Reforestaci\u00f3n del entorno el s\u00e1bado 28 de noviembre"}]},{"@type":"WebSite","@id":"https:\/\/consejojuventudcalahorra.com\/cjcc\/#website","url":"https:\/\/consejojuventudcalahorra.com\/cjcc\/","name":"Consejo de la Juventud Comarcal de Calahorra","description":"Ser joven es ser algo m\u00e1s","publisher":{"@id":"https:\/\/consejojuventudcalahorra.com\/cjcc\/#organization"},"potentialAction":[{"@type":"SearchAction","target":{"@type":"EntryPoint","urlTemplate":"https:\/\/consejojuventudcalahorra.com\/cjcc\/?s={search_term_string}"},"query-input":{"@type":"PropertyValueSpecification","valueRequired":true,"valueName":"search_term_string"}}],"inLanguage":"es"},{"@type":"Organization","@id":"https:\/\/consejojuventudcalahorra.com\/cjcc\/#organization","name":"Consejo de la Juventud Comarcal de Calahorra","url":"https:\/\/consejojuventudcalahorra.com\/cjcc\/","logo":{"@type":"ImageObject","inLanguage":"es","@id":"https:\/\/consejojuventudcalahorra.com\/cjcc\/#\/schema\/logo\/image\/","url":"https:\/\/consejojuventudcalahorra.com\/cjcc\/wp-content\/uploads\/2025\/09\/Logo-CJCC.png","contentUrl":"https:\/\/consejojuventudcalahorra.com\/cjcc\/wp-content\/uploads\/2025\/09\/Logo-CJCC.png","width":964,"height":660,"caption":"Consejo de la Juventud Comarcal de Calahorra"},"image":{"@id":"https:\/\/consejojuventudcalahorra.com\/cjcc\/#\/schema\/logo\/image\/"},"sameAs":["https:\/\/www.facebook.com\/consejojuventudcalahorra\/?locale=es_ES"]},{"@type":"Person","@id":"https:\/\/consejojuventudcalahorra.com\/cjcc\/#\/schema\/person\/d253aff657149d7ba139596a2830074c","name":"admin","image":{"@type":"ImageObject","inLanguage":"es","@id":"https:\/\/secure.gravatar.com\/avatar\/7f0b7317fa677050c42e96a8889faba4627de455222163352845fae03deb3bb4?s=96&d=mm&r=g","url":"https:\/\/secure.gravatar.com\/avatar\/7f0b7317fa677050c42e96a8889faba4627de455222163352845fae03deb3bb4?s=96&d=mm&r=g","contentUrl":"https:\/\/secure.gravatar.com\/avatar\/7f0b7317fa677050c42e96a8889faba4627de455222163352845fae03deb3bb4?s=96&d=mm&r=g","caption":"admin"},"url":"https:\/\/consejojuventudcalahorra.com\/cjcc\/author\/admin\/"}]}},"_links":{"self":[{"href":"https:\/\/consejojuventudcalahorra.com\/cjcc\/wp-json\/wp\/v2\/posts\/4358","targetHints":{"allow":["GET"]}}],"collection":[{"href":"https:\/\/consejojuventudcalahorra.com\/cjcc\/wp-json\/wp\/v2\/posts"}],"about":[{"href":"https:\/\/consejojuventudcalahorra.com\/cjcc\/wp-json\/wp\/v2\/types\/post"}],"author":[{"embeddable":true,"href":"https:\/\/consejojuventudcalahorra.com\/cjcc\/wp-json\/wp\/v2\/users\/1"}],"replies":[{"embeddable":true,"href":"https:\/\/consejojuventudcalahorra.com\/cjcc\/wp-json\/wp\/v2\/comments?post=4358"}],"version-history":[{"count":4,"href":"https:\/\/consejojuventudcalahorra.com\/cjcc\/wp-json\/wp\/v2\/posts\/4358\/revisions"}],"predecessor-version":[{"id":4364,"href":"https:\/\/consejojuventudcalahorra.com\/cjcc\/wp-json\/wp\/v2\/posts\/4358\/revisions\/4364"}],"wp:featuredmedia":[{"embeddable":true,"href":"https:\/\/consejojuventudcalahorra.com\/cjcc\/wp-json\/wp\/v2\/media\/4361"}],"wp:attachment":[{"href":"https:\/\/consejojuventudcalahorra.com\/cjcc\/wp-json\/wp\/v2\/media?parent=4358"}],"wp:term":[{"taxonomy":"category","embeddable":true,"href":"https:\/\/consejojuventudcalahorra.com\/cjcc\/wp-json\/wp\/v2\/categories?post=4358"},{"taxonomy":"post_tag","embeddable":true,"href":"https:\/\/consejojuventudcalahorra.com\/cjcc\/wp-json\/wp\/v2\/tags?post=4358"}],"curies":[{"name":"wp","href":"https:\/\/api.w.org\/{rel}","templated":true}]}}