{"id":11512,"date":"2026-04-30T09:05:59","date_gmt":"2026-04-30T07:05:59","guid":{"rendered":"https:\/\/consejojuventudcalahorra.com\/cjcc\/?p=11512"},"modified":"2026-04-30T09:05:59","modified_gmt":"2026-04-30T07:05:59","slug":"el-cjcc-consigue-el-tercer-puesto-dentro-de-las-top10-por-red-reconoce","status":"publish","type":"post","link":"https:\/\/consejojuventudcalahorra.com\/cjcc\/el-cjcc-consigue-el-tercer-puesto-dentro-de-las-top10-por-red-reconoce\/","title":{"rendered":"El CJCC consigue el tercer puesto dentro de las TOP10 por Red Reconoce"},"content":{"rendered":"<p><strong>Hemos sido seleccionados dentro del TOP10 de Entidades que Reconocen, entre 700 de toda Espa\u00f1a, una distinci\u00f3n estatal que pone en valor el trabajo de las organizaciones comprometidas con el reconocimiento de las competencias adquiridas a trav\u00e9s del voluntariado.<\/strong><u><\/u><u><\/u><\/p>\n<p>El Consejo de la Juventud Comarcal de Calahorra quiere compartir con alegr\u00eda y emoci\u00f3n que ha sido seleccionado por\u00a0<strong>Red Reconoce<\/strong>, entidad estatal que visibiliza y pone en valor el voluntariado, acreditando las competencias que las personas adquieren a trav\u00e9s de la acci\u00f3n voluntaria y la educaci\u00f3n no formal, certificando competencias transversales como el trabajo en equipo, la comunicaci\u00f3n, el liderazgo, la creatividad o la capacidad de aprendizaje. Adem\u00e1s, act\u00faa como un potente espacio de formaci\u00f3n y acompa\u00f1amiento para sus entidades miembro.<u><\/u><u><\/u><\/p>\n<p>Este reconocimiento supone un motivo de orgullo y agradecimiento para el CJCC. No se trata solo de un premio, sino de una forma de poner en valor el trabajo diario de un gran equipo formado por asociaciones, voluntarios, voluntarias y equipo t\u00e9cnico que dedican muchas horas de implicaci\u00f3n, esfuerzo y cari\u00f1o a impulsar proyectos juveniles en Calahorra y su comarca.<u><\/u><u><\/u><\/p>\n<p>El\u00a0<strong>CJCC forma parte de Red Reconoce desde hace nueve a\u00f1os<\/strong><b>,<\/b>\u00a0convencido de que el voluntariado no solo transforma la sociedad, sino tambi\u00e9n a las personas que lo hacen posible. Cada actividad, grupo de trabajo, campa\u00f1a y proyecto son espacios donde la juventud aprende, se implica y crece. Por eso, este reconocimiento es tambi\u00e9n un impulso de energ\u00eda e ilusi\u00f3n para este gran equipo humano que hay detr\u00e1s de la entidad.<\/p>\n<div><\/div>\n<div>Adjuntamos una fotograf\u00eda de uno de nuestros \u00faltimos grupos de trabajo, con parte de nuestro equipo.<\/div>\n","protected":false},"excerpt":{"rendered":"<p>Hemos sido seleccionados dentro del TOP10 de Entidades que Reconocen, entre 700 de toda Espa\u00f1a, una distinci\u00f3n estatal que pone en valor el trabajo de las organizaciones comprometidas con el [&hellip;]<\/p>\n","protected":false},"author":1,"featured_media":11513,"comment_status":"closed","ping_status":"closed","sticky":false,"template":"","format":"standard","meta":{"_et_pb_use_builder":"","_et_pb_old_content":"","_et_gb_content_width":"","footnotes":""},"categories":[104,99],"tags":[],"class_list":["post-11512","post","type-post","status-publish","format-standard","has-post-thumbnail","hentry","category-formacion","category-formacion-prevencion-igualdad"],"yoast_head":"<!-- This site is optimized with the Yoast SEO plugin v27.5 - https:\/\/yoast.com\/product\/yoast-seo-wordpress\/ -->\n<title>El CJCC consigue el tercer puesto dentro de las TOP10 por Red Reconoce - Consejo de la Juventud Comarcal de Calahorra<\/title>\n<meta name=\"robots\" content=\"index, follow, max-snippet:-1, max-image-preview:large, max-video-preview:-1\" \/>\n<link rel=\"canonical\" href=\"https:\/\/consejojuventudcalahorra.com\/cjcc\/el-cjcc-consigue-el-tercer-puesto-dentro-de-las-top10-por-red-reconoce\/\" \/>\n<meta property=\"og:locale\" content=\"es_ES\" \/>\n<meta property=\"og:type\" content=\"article\" \/>\n<meta property=\"og:title\" content=\"El CJCC consigue el tercer puesto dentro de las TOP10 por Red Reconoce - Consejo de la Juventud Comarcal de Calahorra\" \/>\n<meta property=\"og:description\" content=\"Hemos sido seleccionados dentro del TOP10 de Entidades que Reconocen, entre 700 de toda Espa\u00f1a, una distinci\u00f3n estatal que pone en valor el trabajo de las organizaciones comprometidas con el [&hellip;]\" \/>\n<meta property=\"og:url\" content=\"https:\/\/consejojuventudcalahorra.com\/cjcc\/el-cjcc-consigue-el-tercer-puesto-dentro-de-las-top10-por-red-reconoce\/\" \/>\n<meta property=\"og:site_name\" content=\"Consejo de la Juventud Comarcal de Calahorra\" \/>\n<meta property=\"article:publisher\" content=\"https:\/\/www.facebook.com\/consejojuventudcalahorra\/?locale=es_ES\" \/>\n<meta property=\"article:published_time\" content=\"2026-04-30T07:05:59+00:00\" \/>\n<meta property=\"og:image\" content=\"https:\/\/consejojuventudcalahorra.com\/cjcc\/wp-content\/uploads\/2026\/04\/Reunion-Voluntariado-CJCC.jpeg\" \/>\n\t<meta property=\"og:image:width\" content=\"640\" \/>\n\t<meta property=\"og:image:height\" content=\"480\" \/>\n\t<meta property=\"og:image:type\" content=\"image\/jpeg\" \/>\n<meta name=\"author\" content=\"admin\" \/>\n<meta name=\"twitter:card\" content=\"summary_large_image\" \/>\n<meta name=\"twitter:label1\" content=\"Escrito por\" \/>\n\t<meta name=\"twitter:data1\" content=\"admin\" \/>\n\t<meta name=\"twitter:label2\" content=\"Tiempo de lectura\" \/>\n\t<meta name=\"twitter:data2\" content=\"2 minutos\" \/>\n<script type=\"application\/ld+json\" class=\"yoast-schema-graph\">{\"@context\":\"https:\\\/\\\/schema.org\",\"@graph\":[{\"@type\":\"Article\",\"@id\":\"https:\\\/\\\/consejojuventudcalahorra.com\\\/cjcc\\\/el-cjcc-consigue-el-tercer-puesto-dentro-de-las-top10-por-red-reconoce\\\/#article\",\"isPartOf\":{\"@id\":\"https:\\\/\\\/consejojuventudcalahorra.com\\\/cjcc\\\/el-cjcc-consigue-el-tercer-puesto-dentro-de-las-top10-por-red-reconoce\\\/\"},\"author\":{\"name\":\"admin\",\"@id\":\"https:\\\/\\\/consejojuventudcalahorra.com\\\/cjcc\\\/#\\\/schema\\\/person\\\/d253aff657149d7ba139596a2830074c\"},\"headline\":\"El CJCC consigue el tercer puesto dentro de las TOP10 por Red Reconoce\",\"datePublished\":\"2026-04-30T07:05:59+00:00\",\"mainEntityOfPage\":{\"@id\":\"https:\\\/\\\/consejojuventudcalahorra.com\\\/cjcc\\\/el-cjcc-consigue-el-tercer-puesto-dentro-de-las-top10-por-red-reconoce\\\/\"},\"wordCount\":304,\"publisher\":{\"@id\":\"https:\\\/\\\/consejojuventudcalahorra.com\\\/cjcc\\\/#organization\"},\"image\":{\"@id\":\"https:\\\/\\\/consejojuventudcalahorra.com\\\/cjcc\\\/el-cjcc-consigue-el-tercer-puesto-dentro-de-las-top10-por-red-reconoce\\\/#primaryimage\"},\"thumbnailUrl\":\"https:\\\/\\\/consejojuventudcalahorra.com\\\/cjcc\\\/wp-content\\\/uploads\\\/2026\\\/04\\\/Reunion-Voluntariado-CJCC.jpeg\",\"articleSection\":[\"formacion\",\"Formacion, prevenci\u00f3n e igualdad\"],\"inLanguage\":\"es\"},{\"@type\":\"WebPage\",\"@id\":\"https:\\\/\\\/consejojuventudcalahorra.com\\\/cjcc\\\/el-cjcc-consigue-el-tercer-puesto-dentro-de-las-top10-por-red-reconoce\\\/\",\"url\":\"https:\\\/\\\/consejojuventudcalahorra.com\\\/cjcc\\\/el-cjcc-consigue-el-tercer-puesto-dentro-de-las-top10-por-red-reconoce\\\/\",\"name\":\"El CJCC consigue el tercer puesto dentro de las TOP10 por Red Reconoce - Consejo de la Juventud Comarcal de Calahorra\",\"isPartOf\":{\"@id\":\"https:\\\/\\\/consejojuventudcalahorra.com\\\/cjcc\\\/#website\"},\"primaryImageOfPage\":{\"@id\":\"https:\\\/\\\/consejojuventudcalahorra.com\\\/cjcc\\\/el-cjcc-consigue-el-tercer-puesto-dentro-de-las-top10-por-red-reconoce\\\/#primaryimage\"},\"image\":{\"@id\":\"https:\\\/\\\/consejojuventudcalahorra.com\\\/cjcc\\\/el-cjcc-consigue-el-tercer-puesto-dentro-de-las-top10-por-red-reconoce\\\/#primaryimage\"},\"thumbnailUrl\":\"https:\\\/\\\/consejojuventudcalahorra.com\\\/cjcc\\\/wp-content\\\/uploads\\\/2026\\\/04\\\/Reunion-Voluntariado-CJCC.jpeg\",\"datePublished\":\"2026-04-30T07:05:59+00:00\",\"breadcrumb\":{\"@id\":\"https:\\\/\\\/consejojuventudcalahorra.com\\\/cjcc\\\/el-cjcc-consigue-el-tercer-puesto-dentro-de-las-top10-por-red-reconoce\\\/#breadcrumb\"},\"inLanguage\":\"es\",\"potentialAction\":[{\"@type\":\"ReadAction\",\"target\":[\"https:\\\/\\\/consejojuventudcalahorra.com\\\/cjcc\\\/el-cjcc-consigue-el-tercer-puesto-dentro-de-las-top10-por-red-reconoce\\\/\"]}]},{\"@type\":\"ImageObject\",\"inLanguage\":\"es\",\"@id\":\"https:\\\/\\\/consejojuventudcalahorra.com\\\/cjcc\\\/el-cjcc-consigue-el-tercer-puesto-dentro-de-las-top10-por-red-reconoce\\\/#primaryimage\",\"url\":\"https:\\\/\\\/consejojuventudcalahorra.com\\\/cjcc\\\/wp-content\\\/uploads\\\/2026\\\/04\\\/Reunion-Voluntariado-CJCC.jpeg\",\"contentUrl\":\"https:\\\/\\\/consejojuventudcalahorra.com\\\/cjcc\\\/wp-content\\\/uploads\\\/2026\\\/04\\\/Reunion-Voluntariado-CJCC.jpeg\",\"width\":640,\"height\":480},{\"@type\":\"BreadcrumbList\",\"@id\":\"https:\\\/\\\/consejojuventudcalahorra.com\\\/cjcc\\\/el-cjcc-consigue-el-tercer-puesto-dentro-de-las-top10-por-red-reconoce\\\/#breadcrumb\",\"itemListElement\":[{\"@type\":\"ListItem\",\"position\":1,\"name\":\"Portada\",\"item\":\"https:\\\/\\\/consejojuventudcalahorra.com\\\/cjcc\\\/\"},{\"@type\":\"ListItem\",\"position\":2,\"name\":\"El CJCC consigue el tercer puesto dentro de las TOP10 por Red Reconoce\"}]},{\"@type\":\"WebSite\",\"@id\":\"https:\\\/\\\/consejojuventudcalahorra.com\\\/cjcc\\\/#website\",\"url\":\"https:\\\/\\\/consejojuventudcalahorra.com\\\/cjcc\\\/\",\"name\":\"Consejo de la Juventud Comarcal de Calahorra\",\"description\":\"Ser joven es ser algo m\u00e1s\",\"publisher\":{\"@id\":\"https:\\\/\\\/consejojuventudcalahorra.com\\\/cjcc\\\/#organization\"},\"potentialAction\":[{\"@type\":\"SearchAction\",\"target\":{\"@type\":\"EntryPoint\",\"urlTemplate\":\"https:\\\/\\\/consejojuventudcalahorra.com\\\/cjcc\\\/?s={search_term_string}\"},\"query-input\":{\"@type\":\"PropertyValueSpecification\",\"valueRequired\":true,\"valueName\":\"search_term_string\"}}],\"inLanguage\":\"es\"},{\"@type\":\"Organization\",\"@id\":\"https:\\\/\\\/consejojuventudcalahorra.com\\\/cjcc\\\/#organization\",\"name\":\"Consejo de la Juventud Comarcal de Calahorra\",\"url\":\"https:\\\/\\\/consejojuventudcalahorra.com\\\/cjcc\\\/\",\"logo\":{\"@type\":\"ImageObject\",\"inLanguage\":\"es\",\"@id\":\"https:\\\/\\\/consejojuventudcalahorra.com\\\/cjcc\\\/#\\\/schema\\\/logo\\\/image\\\/\",\"url\":\"https:\\\/\\\/consejojuventudcalahorra.com\\\/cjcc\\\/wp-content\\\/uploads\\\/2025\\\/09\\\/Logo-CJCC.png\",\"contentUrl\":\"https:\\\/\\\/consejojuventudcalahorra.com\\\/cjcc\\\/wp-content\\\/uploads\\\/2025\\\/09\\\/Logo-CJCC.png\",\"width\":964,\"height\":660,\"caption\":\"Consejo de la Juventud Comarcal de Calahorra\"},\"image\":{\"@id\":\"https:\\\/\\\/consejojuventudcalahorra.com\\\/cjcc\\\/#\\\/schema\\\/logo\\\/image\\\/\"},\"sameAs\":[\"https:\\\/\\\/www.facebook.com\\\/consejojuventudcalahorra\\\/?locale=es_ES\"]},{\"@type\":\"Person\",\"@id\":\"https:\\\/\\\/consejojuventudcalahorra.com\\\/cjcc\\\/#\\\/schema\\\/person\\\/d253aff657149d7ba139596a2830074c\",\"name\":\"admin\",\"image\":{\"@type\":\"ImageObject\",\"inLanguage\":\"es\",\"@id\":\"https:\\\/\\\/secure.gravatar.com\\\/avatar\\\/7f0b7317fa677050c42e96a8889faba4627de455222163352845fae03deb3bb4?s=96&d=mm&r=g\",\"url\":\"https:\\\/\\\/secure.gravatar.com\\\/avatar\\\/7f0b7317fa677050c42e96a8889faba4627de455222163352845fae03deb3bb4?s=96&d=mm&r=g\",\"contentUrl\":\"https:\\\/\\\/secure.gravatar.com\\\/avatar\\\/7f0b7317fa677050c42e96a8889faba4627de455222163352845fae03deb3bb4?s=96&d=mm&r=g\",\"caption\":\"admin\"},\"url\":\"https:\\\/\\\/consejojuventudcalahorra.com\\\/cjcc\\\/author\\\/admin\\\/\"}]}<\/script>\n<!-- \/ Yoast SEO plugin. -->","yoast_head_json":{"title":"El CJCC consigue el tercer puesto dentro de las TOP10 por Red Reconoce - Consejo de la Juventud Comarcal de Calahorra","robots":{"index":"index","follow":"follow","max-snippet":"max-snippet:-1","max-image-preview":"max-image-preview:large","max-video-preview":"max-video-preview:-1"},"canonical":"https:\/\/consejojuventudcalahorra.com\/cjcc\/el-cjcc-consigue-el-tercer-puesto-dentro-de-las-top10-por-red-reconoce\/","og_locale":"es_ES","og_type":"article","og_title":"El CJCC consigue el tercer puesto dentro de las TOP10 por Red Reconoce - Consejo de la Juventud Comarcal de Calahorra","og_description":"Hemos sido seleccionados dentro del TOP10 de Entidades que Reconocen, entre 700 de toda Espa\u00f1a, una distinci\u00f3n estatal que pone en valor el trabajo de las organizaciones comprometidas con el [&hellip;]","og_url":"https:\/\/consejojuventudcalahorra.com\/cjcc\/el-cjcc-consigue-el-tercer-puesto-dentro-de-las-top10-por-red-reconoce\/","og_site_name":"Consejo de la Juventud Comarcal de Calahorra","article_publisher":"https:\/\/www.facebook.com\/consejojuventudcalahorra\/?locale=es_ES","article_published_time":"2026-04-30T07:05:59+00:00","og_image":[{"width":640,"height":480,"url":"https:\/\/consejojuventudcalahorra.com\/cjcc\/wp-content\/uploads\/2026\/04\/Reunion-Voluntariado-CJCC.jpeg","type":"image\/jpeg"}],"author":"admin","twitter_card":"summary_large_image","twitter_misc":{"Escrito por":"admin","Tiempo de lectura":"2 minutos"},"schema":{"@context":"https:\/\/schema.org","@graph":[{"@type":"Article","@id":"https:\/\/consejojuventudcalahorra.com\/cjcc\/el-cjcc-consigue-el-tercer-puesto-dentro-de-las-top10-por-red-reconoce\/#article","isPartOf":{"@id":"https:\/\/consejojuventudcalahorra.com\/cjcc\/el-cjcc-consigue-el-tercer-puesto-dentro-de-las-top10-por-red-reconoce\/"},"author":{"name":"admin","@id":"https:\/\/consejojuventudcalahorra.com\/cjcc\/#\/schema\/person\/d253aff657149d7ba139596a2830074c"},"headline":"El CJCC consigue el tercer puesto dentro de las TOP10 por Red Reconoce","datePublished":"2026-04-30T07:05:59+00:00","mainEntityOfPage":{"@id":"https:\/\/consejojuventudcalahorra.com\/cjcc\/el-cjcc-consigue-el-tercer-puesto-dentro-de-las-top10-por-red-reconoce\/"},"wordCount":304,"publisher":{"@id":"https:\/\/consejojuventudcalahorra.com\/cjcc\/#organization"},"image":{"@id":"https:\/\/consejojuventudcalahorra.com\/cjcc\/el-cjcc-consigue-el-tercer-puesto-dentro-de-las-top10-por-red-reconoce\/#primaryimage"},"thumbnailUrl":"https:\/\/consejojuventudcalahorra.com\/cjcc\/wp-content\/uploads\/2026\/04\/Reunion-Voluntariado-CJCC.jpeg","articleSection":["formacion","Formacion, prevenci\u00f3n e igualdad"],"inLanguage":"es"},{"@type":"WebPage","@id":"https:\/\/consejojuventudcalahorra.com\/cjcc\/el-cjcc-consigue-el-tercer-puesto-dentro-de-las-top10-por-red-reconoce\/","url":"https:\/\/consejojuventudcalahorra.com\/cjcc\/el-cjcc-consigue-el-tercer-puesto-dentro-de-las-top10-por-red-reconoce\/","name":"El CJCC consigue el tercer puesto dentro de las TOP10 por Red Reconoce - Consejo de la Juventud Comarcal de Calahorra","isPartOf":{"@id":"https:\/\/consejojuventudcalahorra.com\/cjcc\/#website"},"primaryImageOfPage":{"@id":"https:\/\/consejojuventudcalahorra.com\/cjcc\/el-cjcc-consigue-el-tercer-puesto-dentro-de-las-top10-por-red-reconoce\/#primaryimage"},"image":{"@id":"https:\/\/consejojuventudcalahorra.com\/cjcc\/el-cjcc-consigue-el-tercer-puesto-dentro-de-las-top10-por-red-reconoce\/#primaryimage"},"thumbnailUrl":"https:\/\/consejojuventudcalahorra.com\/cjcc\/wp-content\/uploads\/2026\/04\/Reunion-Voluntariado-CJCC.jpeg","datePublished":"2026-04-30T07:05:59+00:00","breadcrumb":{"@id":"https:\/\/consejojuventudcalahorra.com\/cjcc\/el-cjcc-consigue-el-tercer-puesto-dentro-de-las-top10-por-red-reconoce\/#breadcrumb"},"inLanguage":"es","potentialAction":[{"@type":"ReadAction","target":["https:\/\/consejojuventudcalahorra.com\/cjcc\/el-cjcc-consigue-el-tercer-puesto-dentro-de-las-top10-por-red-reconoce\/"]}]},{"@type":"ImageObject","inLanguage":"es","@id":"https:\/\/consejojuventudcalahorra.com\/cjcc\/el-cjcc-consigue-el-tercer-puesto-dentro-de-las-top10-por-red-reconoce\/#primaryimage","url":"https:\/\/consejojuventudcalahorra.com\/cjcc\/wp-content\/uploads\/2026\/04\/Reunion-Voluntariado-CJCC.jpeg","contentUrl":"https:\/\/consejojuventudcalahorra.com\/cjcc\/wp-content\/uploads\/2026\/04\/Reunion-Voluntariado-CJCC.jpeg","width":640,"height":480},{"@type":"BreadcrumbList","@id":"https:\/\/consejojuventudcalahorra.com\/cjcc\/el-cjcc-consigue-el-tercer-puesto-dentro-de-las-top10-por-red-reconoce\/#breadcrumb","itemListElement":[{"@type":"ListItem","position":1,"name":"Portada","item":"https:\/\/consejojuventudcalahorra.com\/cjcc\/"},{"@type":"ListItem","position":2,"name":"El CJCC consigue el tercer puesto dentro de las TOP10 por Red Reconoce"}]},{"@type":"WebSite","@id":"https:\/\/consejojuventudcalahorra.com\/cjcc\/#website","url":"https:\/\/consejojuventudcalahorra.com\/cjcc\/","name":"Consejo de la Juventud Comarcal de Calahorra","description":"Ser joven es ser algo m\u00e1s","publisher":{"@id":"https:\/\/consejojuventudcalahorra.com\/cjcc\/#organization"},"potentialAction":[{"@type":"SearchAction","target":{"@type":"EntryPoint","urlTemplate":"https:\/\/consejojuventudcalahorra.com\/cjcc\/?s={search_term_string}"},"query-input":{"@type":"PropertyValueSpecification","valueRequired":true,"valueName":"search_term_string"}}],"inLanguage":"es"},{"@type":"Organization","@id":"https:\/\/consejojuventudcalahorra.com\/cjcc\/#organization","name":"Consejo de la Juventud Comarcal de Calahorra","url":"https:\/\/consejojuventudcalahorra.com\/cjcc\/","logo":{"@type":"ImageObject","inLanguage":"es","@id":"https:\/\/consejojuventudcalahorra.com\/cjcc\/#\/schema\/logo\/image\/","url":"https:\/\/consejojuventudcalahorra.com\/cjcc\/wp-content\/uploads\/2025\/09\/Logo-CJCC.png","contentUrl":"https:\/\/consejojuventudcalahorra.com\/cjcc\/wp-content\/uploads\/2025\/09\/Logo-CJCC.png","width":964,"height":660,"caption":"Consejo de la Juventud Comarcal de Calahorra"},"image":{"@id":"https:\/\/consejojuventudcalahorra.com\/cjcc\/#\/schema\/logo\/image\/"},"sameAs":["https:\/\/www.facebook.com\/consejojuventudcalahorra\/?locale=es_ES"]},{"@type":"Person","@id":"https:\/\/consejojuventudcalahorra.com\/cjcc\/#\/schema\/person\/d253aff657149d7ba139596a2830074c","name":"admin","image":{"@type":"ImageObject","inLanguage":"es","@id":"https:\/\/secure.gravatar.com\/avatar\/7f0b7317fa677050c42e96a8889faba4627de455222163352845fae03deb3bb4?s=96&d=mm&r=g","url":"https:\/\/secure.gravatar.com\/avatar\/7f0b7317fa677050c42e96a8889faba4627de455222163352845fae03deb3bb4?s=96&d=mm&r=g","contentUrl":"https:\/\/secure.gravatar.com\/avatar\/7f0b7317fa677050c42e96a8889faba4627de455222163352845fae03deb3bb4?s=96&d=mm&r=g","caption":"admin"},"url":"https:\/\/consejojuventudcalahorra.com\/cjcc\/author\/admin\/"}]}},"_links":{"self":[{"href":"https:\/\/consejojuventudcalahorra.com\/cjcc\/wp-json\/wp\/v2\/posts\/11512","targetHints":{"allow":["GET"]}}],"collection":[{"href":"https:\/\/consejojuventudcalahorra.com\/cjcc\/wp-json\/wp\/v2\/posts"}],"about":[{"href":"https:\/\/consejojuventudcalahorra.com\/cjcc\/wp-json\/wp\/v2\/types\/post"}],"author":[{"embeddable":true,"href":"https:\/\/consejojuventudcalahorra.com\/cjcc\/wp-json\/wp\/v2\/users\/1"}],"replies":[{"embeddable":true,"href":"https:\/\/consejojuventudcalahorra.com\/cjcc\/wp-json\/wp\/v2\/comments?post=11512"}],"version-history":[{"count":1,"href":"https:\/\/consejojuventudcalahorra.com\/cjcc\/wp-json\/wp\/v2\/posts\/11512\/revisions"}],"predecessor-version":[{"id":11514,"href":"https:\/\/consejojuventudcalahorra.com\/cjcc\/wp-json\/wp\/v2\/posts\/11512\/revisions\/11514"}],"wp:featuredmedia":[{"embeddable":true,"href":"https:\/\/consejojuventudcalahorra.com\/cjcc\/wp-json\/wp\/v2\/media\/11513"}],"wp:attachment":[{"href":"https:\/\/consejojuventudcalahorra.com\/cjcc\/wp-json\/wp\/v2\/media?parent=11512"}],"wp:term":[{"taxonomy":"category","embeddable":true,"href":"https:\/\/consejojuventudcalahorra.com\/cjcc\/wp-json\/wp\/v2\/categories?post=11512"},{"taxonomy":"post_tag","embeddable":true,"href":"https:\/\/consejojuventudcalahorra.com\/cjcc\/wp-json\/wp\/v2\/tags?post=11512"}],"curies":[{"name":"wp","href":"https:\/\/api.w.org\/{rel}","templated":true}]}}