{"id":10875,"date":"2026-03-12T14:27:18","date_gmt":"2026-03-12T13:27:18","guid":{"rendered":"https:\/\/consejojuventudcalahorra.com\/cjcc\/?p=10875"},"modified":"2026-03-12T14:27:31","modified_gmt":"2026-03-12T13:27:31","slug":"el-consejo-de-la-juventud-comarcal-de-calahorra-continua-en-mision-eclipse-con-una-formacion-dedicada-a-las-mujeres-astrofisicas","status":"publish","type":"post","link":"https:\/\/consejojuventudcalahorra.com\/cjcc\/el-consejo-de-la-juventud-comarcal-de-calahorra-continua-en-mision-eclipse-con-una-formacion-dedicada-a-las-mujeres-astrofisicas\/","title":{"rendered":"El Consejo de la Juventud Comarcal de Calahorra contin\u00faa en \u201cMisi\u00f3n Eclipse\u201d con una formaci\u00f3n dedicada a las mujeres astrof\u00edsicas"},"content":{"rendered":"<p>Durante la tarde de ayer, d\u00eda 11 de marzo, celebramos una nueva sesi\u00f3n formativa dentro de nuestro proyecto \u201cMisi\u00f3n Eclipse\u201d, una iniciativa de divulgaci\u00f3n y sensibilizaci\u00f3n en torno al eclipse solar total que podr\u00e1 disfrutarse en La Rioja el pr\u00f3ximo 12 de agosto.<\/p>\n<p>En esta ocasi\u00f3n, y con motivo de la conmemoraci\u00f3n del D\u00eda de la Mujer, la charla llev\u00f3 por t\u00edtulo \u201cMujeres Astrof\u00edsicas\u201d. Durante la sesi\u00f3n se puso en valor la trayectoria y el legado de diversas mujeres que han dejado una huella fundamental en el \u00e1mbito de la astrof\u00edsica, acercando a las personas asistentes referentes femeninos de gran relevancia cient\u00edfica. La parte final de la formaci\u00f3n se centr\u00f3 en el gran acontecimiento astron\u00f3mico que viviremos este verano: el eclipse solar total del 12 de agosto, que en La Rioja podr\u00e1 contemplarse en su totalidad.<\/p>\n<p>Desde el CJCC seguimos apostando por este programa de formaciones quincenales, abiertas a toda la ciudadan\u00eda. La pr\u00f3xima cita estar\u00e1 especialmente dirigida a maestros y maestras, con el objetivo de ofrecer recursos y orientaciones para trabajar el concepto de eclipse en Educaci\u00f3n Primaria, especialmente en 2\u00ba y 3\u00ba ciclo. Este taller tendr\u00e1 lugar el pr\u00f3ximo mi\u00e9rcoles 25 de marzo, a las 19:00 horas, en el Centro Joven de Calahorra. La actividad ser\u00e1 gratuita, con aforo libre hasta completar la capacidad del espacio.<\/p>\n<p>Adem\u00e1s, el proyecto \u201cMisi\u00f3n Eclipse\u201d sigue creciendo y ampliando su alcance. Durante esta primavera acudiremos a todos los centros educativos de Calahorra para impartir talleres dirigidos a los m\u00e1s j\u00f3venes, acercando de manera did\u00e1ctica y participativa este gran acontecimiento astron\u00f3mico. A ello se sumar\u00e1n nuevas iniciativas y colaboraciones con distintas asociaciones de la ciudad, que ya est\u00e1n comenzando a implicarse en este ambicioso proyecto de difusi\u00f3n, formaci\u00f3n y dinamizaci\u00f3n en torno al eclipse del 12 de agosto.<\/p>\n<p>Queremos recordar tambi\u00e9n que, en todas nuestras formaciones, se regalan a las personas asistentes gafas certificadas para la observaci\u00f3n segura del eclipse, reforzando as\u00ed la importancia de disfrutar de este fen\u00f3meno con todas las garant\u00edas de seguridad. Asimismo, las actividades de \u201cMisi\u00f3n Eclipse\u201d continuar\u00e1n de forma permanente hasta el mismo d\u00eda del eclipse, con nuevas propuestas divulgativas para toda la ciudadan\u00eda.<\/p>\n<p>Desde el Consejo de la Juventud Comarcal de Calahorra queremos agradecer expresamente el apoyo del Instituto Riojano de la Juventud y del Ayuntamiento de Calahorra, cuyo respaldo est\u00e1 haciendo posible el desarrollo de este proyecto.<\/p>\n","protected":false},"excerpt":{"rendered":"<p>Durante la tarde de ayer, d\u00eda 11 de marzo, celebramos una nueva sesi\u00f3n formativa dentro de nuestro proyecto \u201cMisi\u00f3n Eclipse\u201d, una iniciativa de divulgaci\u00f3n y sensibilizaci\u00f3n en torno al eclipse [&hellip;]<\/p>\n","protected":false},"author":1,"featured_media":10876,"comment_status":"closed","ping_status":"closed","sticky":false,"template":"","format":"standard","meta":{"_et_pb_use_builder":"","_et_pb_old_content":"","_et_gb_content_width":"","footnotes":""},"categories":[104,99],"tags":[],"class_list":["post-10875","post","type-post","status-publish","format-standard","has-post-thumbnail","hentry","category-formacion","category-formacion-prevencion-igualdad"],"yoast_head":"<!-- This site is optimized with the Yoast SEO plugin v27.5 - https:\/\/yoast.com\/product\/yoast-seo-wordpress\/ -->\n<title>El Consejo de la Juventud Comarcal de Calahorra contin\u00faa en \u201cMisi\u00f3n Eclipse\u201d con una formaci\u00f3n dedicada a las mujeres astrof\u00edsicas - Consejo de la Juventud Comarcal de Calahorra<\/title>\n<meta name=\"robots\" content=\"index, follow, max-snippet:-1, max-image-preview:large, max-video-preview:-1\" \/>\n<link rel=\"canonical\" href=\"https:\/\/consejojuventudcalahorra.com\/cjcc\/el-consejo-de-la-juventud-comarcal-de-calahorra-continua-en-mision-eclipse-con-una-formacion-dedicada-a-las-mujeres-astrofisicas\/\" \/>\n<meta property=\"og:locale\" content=\"es_ES\" \/>\n<meta property=\"og:type\" content=\"article\" \/>\n<meta property=\"og:title\" content=\"El Consejo de la Juventud Comarcal de Calahorra contin\u00faa en \u201cMisi\u00f3n Eclipse\u201d con una formaci\u00f3n dedicada a las mujeres astrof\u00edsicas - Consejo de la Juventud Comarcal de Calahorra\" \/>\n<meta property=\"og:description\" content=\"Durante la tarde de ayer, d\u00eda 11 de marzo, celebramos una nueva sesi\u00f3n formativa dentro de nuestro proyecto \u201cMisi\u00f3n Eclipse\u201d, una iniciativa de divulgaci\u00f3n y sensibilizaci\u00f3n en torno al eclipse [&hellip;]\" \/>\n<meta property=\"og:url\" content=\"https:\/\/consejojuventudcalahorra.com\/cjcc\/el-consejo-de-la-juventud-comarcal-de-calahorra-continua-en-mision-eclipse-con-una-formacion-dedicada-a-las-mujeres-astrofisicas\/\" \/>\n<meta property=\"og:site_name\" content=\"Consejo de la Juventud Comarcal de Calahorra\" \/>\n<meta property=\"article:publisher\" content=\"https:\/\/www.facebook.com\/consejojuventudcalahorra\/?locale=es_ES\" \/>\n<meta property=\"article:published_time\" content=\"2026-03-12T13:27:18+00:00\" \/>\n<meta property=\"article:modified_time\" content=\"2026-03-12T13:27:31+00:00\" \/>\n<meta property=\"og:image\" content=\"https:\/\/consejojuventudcalahorra.com\/cjcc\/wp-content\/uploads\/2026\/03\/2026_03_12-Mision-Eclipse-Mujer-en-Astronomia.jpeg\" \/>\n\t<meta property=\"og:image:width\" content=\"640\" \/>\n\t<meta property=\"og:image:height\" content=\"442\" \/>\n\t<meta property=\"og:image:type\" content=\"image\/jpeg\" \/>\n<meta name=\"author\" content=\"admin\" \/>\n<meta name=\"twitter:card\" content=\"summary_large_image\" \/>\n<meta name=\"twitter:label1\" content=\"Escrito por\" \/>\n\t<meta name=\"twitter:data1\" content=\"admin\" \/>\n\t<meta name=\"twitter:label2\" content=\"Tiempo de lectura\" \/>\n\t<meta name=\"twitter:data2\" content=\"2 minutos\" \/>\n<script type=\"application\/ld+json\" class=\"yoast-schema-graph\">{\"@context\":\"https:\\\/\\\/schema.org\",\"@graph\":[{\"@type\":\"Article\",\"@id\":\"https:\\\/\\\/consejojuventudcalahorra.com\\\/cjcc\\\/el-consejo-de-la-juventud-comarcal-de-calahorra-continua-en-mision-eclipse-con-una-formacion-dedicada-a-las-mujeres-astrofisicas\\\/#article\",\"isPartOf\":{\"@id\":\"https:\\\/\\\/consejojuventudcalahorra.com\\\/cjcc\\\/el-consejo-de-la-juventud-comarcal-de-calahorra-continua-en-mision-eclipse-con-una-formacion-dedicada-a-las-mujeres-astrofisicas\\\/\"},\"author\":{\"name\":\"admin\",\"@id\":\"https:\\\/\\\/consejojuventudcalahorra.com\\\/cjcc\\\/#\\\/schema\\\/person\\\/d253aff657149d7ba139596a2830074c\"},\"headline\":\"El Consejo de la Juventud Comarcal de Calahorra contin\u00faa en \u201cMisi\u00f3n Eclipse\u201d con una formaci\u00f3n dedicada a las mujeres astrof\u00edsicas\",\"datePublished\":\"2026-03-12T13:27:18+00:00\",\"dateModified\":\"2026-03-12T13:27:31+00:00\",\"mainEntityOfPage\":{\"@id\":\"https:\\\/\\\/consejojuventudcalahorra.com\\\/cjcc\\\/el-consejo-de-la-juventud-comarcal-de-calahorra-continua-en-mision-eclipse-con-una-formacion-dedicada-a-las-mujeres-astrofisicas\\\/\"},\"wordCount\":447,\"publisher\":{\"@id\":\"https:\\\/\\\/consejojuventudcalahorra.com\\\/cjcc\\\/#organization\"},\"image\":{\"@id\":\"https:\\\/\\\/consejojuventudcalahorra.com\\\/cjcc\\\/el-consejo-de-la-juventud-comarcal-de-calahorra-continua-en-mision-eclipse-con-una-formacion-dedicada-a-las-mujeres-astrofisicas\\\/#primaryimage\"},\"thumbnailUrl\":\"https:\\\/\\\/consejojuventudcalahorra.com\\\/cjcc\\\/wp-content\\\/uploads\\\/2026\\\/03\\\/2026_03_12-Mision-Eclipse-Mujer-en-Astronomia.jpeg\",\"articleSection\":[\"formacion\",\"Formacion, prevenci\u00f3n e igualdad\"],\"inLanguage\":\"es\"},{\"@type\":\"WebPage\",\"@id\":\"https:\\\/\\\/consejojuventudcalahorra.com\\\/cjcc\\\/el-consejo-de-la-juventud-comarcal-de-calahorra-continua-en-mision-eclipse-con-una-formacion-dedicada-a-las-mujeres-astrofisicas\\\/\",\"url\":\"https:\\\/\\\/consejojuventudcalahorra.com\\\/cjcc\\\/el-consejo-de-la-juventud-comarcal-de-calahorra-continua-en-mision-eclipse-con-una-formacion-dedicada-a-las-mujeres-astrofisicas\\\/\",\"name\":\"El Consejo de la Juventud Comarcal de Calahorra contin\u00faa en \u201cMisi\u00f3n Eclipse\u201d con una formaci\u00f3n dedicada a las mujeres astrof\u00edsicas - Consejo de la Juventud Comarcal de Calahorra\",\"isPartOf\":{\"@id\":\"https:\\\/\\\/consejojuventudcalahorra.com\\\/cjcc\\\/#website\"},\"primaryImageOfPage\":{\"@id\":\"https:\\\/\\\/consejojuventudcalahorra.com\\\/cjcc\\\/el-consejo-de-la-juventud-comarcal-de-calahorra-continua-en-mision-eclipse-con-una-formacion-dedicada-a-las-mujeres-astrofisicas\\\/#primaryimage\"},\"image\":{\"@id\":\"https:\\\/\\\/consejojuventudcalahorra.com\\\/cjcc\\\/el-consejo-de-la-juventud-comarcal-de-calahorra-continua-en-mision-eclipse-con-una-formacion-dedicada-a-las-mujeres-astrofisicas\\\/#primaryimage\"},\"thumbnailUrl\":\"https:\\\/\\\/consejojuventudcalahorra.com\\\/cjcc\\\/wp-content\\\/uploads\\\/2026\\\/03\\\/2026_03_12-Mision-Eclipse-Mujer-en-Astronomia.jpeg\",\"datePublished\":\"2026-03-12T13:27:18+00:00\",\"dateModified\":\"2026-03-12T13:27:31+00:00\",\"breadcrumb\":{\"@id\":\"https:\\\/\\\/consejojuventudcalahorra.com\\\/cjcc\\\/el-consejo-de-la-juventud-comarcal-de-calahorra-continua-en-mision-eclipse-con-una-formacion-dedicada-a-las-mujeres-astrofisicas\\\/#breadcrumb\"},\"inLanguage\":\"es\",\"potentialAction\":[{\"@type\":\"ReadAction\",\"target\":[\"https:\\\/\\\/consejojuventudcalahorra.com\\\/cjcc\\\/el-consejo-de-la-juventud-comarcal-de-calahorra-continua-en-mision-eclipse-con-una-formacion-dedicada-a-las-mujeres-astrofisicas\\\/\"]}]},{\"@type\":\"ImageObject\",\"inLanguage\":\"es\",\"@id\":\"https:\\\/\\\/consejojuventudcalahorra.com\\\/cjcc\\\/el-consejo-de-la-juventud-comarcal-de-calahorra-continua-en-mision-eclipse-con-una-formacion-dedicada-a-las-mujeres-astrofisicas\\\/#primaryimage\",\"url\":\"https:\\\/\\\/consejojuventudcalahorra.com\\\/cjcc\\\/wp-content\\\/uploads\\\/2026\\\/03\\\/2026_03_12-Mision-Eclipse-Mujer-en-Astronomia.jpeg\",\"contentUrl\":\"https:\\\/\\\/consejojuventudcalahorra.com\\\/cjcc\\\/wp-content\\\/uploads\\\/2026\\\/03\\\/2026_03_12-Mision-Eclipse-Mujer-en-Astronomia.jpeg\",\"width\":640,\"height\":442},{\"@type\":\"BreadcrumbList\",\"@id\":\"https:\\\/\\\/consejojuventudcalahorra.com\\\/cjcc\\\/el-consejo-de-la-juventud-comarcal-de-calahorra-continua-en-mision-eclipse-con-una-formacion-dedicada-a-las-mujeres-astrofisicas\\\/#breadcrumb\",\"itemListElement\":[{\"@type\":\"ListItem\",\"position\":1,\"name\":\"Portada\",\"item\":\"https:\\\/\\\/consejojuventudcalahorra.com\\\/cjcc\\\/\"},{\"@type\":\"ListItem\",\"position\":2,\"name\":\"El Consejo de la Juventud Comarcal de Calahorra contin\u00faa en \u201cMisi\u00f3n Eclipse\u201d con una formaci\u00f3n dedicada a las mujeres astrof\u00edsicas\"}]},{\"@type\":\"WebSite\",\"@id\":\"https:\\\/\\\/consejojuventudcalahorra.com\\\/cjcc\\\/#website\",\"url\":\"https:\\\/\\\/consejojuventudcalahorra.com\\\/cjcc\\\/\",\"name\":\"Consejo de la Juventud Comarcal de Calahorra\",\"description\":\"Ser joven es ser algo m\u00e1s\",\"publisher\":{\"@id\":\"https:\\\/\\\/consejojuventudcalahorra.com\\\/cjcc\\\/#organization\"},\"potentialAction\":[{\"@type\":\"SearchAction\",\"target\":{\"@type\":\"EntryPoint\",\"urlTemplate\":\"https:\\\/\\\/consejojuventudcalahorra.com\\\/cjcc\\\/?s={search_term_string}\"},\"query-input\":{\"@type\":\"PropertyValueSpecification\",\"valueRequired\":true,\"valueName\":\"search_term_string\"}}],\"inLanguage\":\"es\"},{\"@type\":\"Organization\",\"@id\":\"https:\\\/\\\/consejojuventudcalahorra.com\\\/cjcc\\\/#organization\",\"name\":\"Consejo de la Juventud Comarcal de Calahorra\",\"url\":\"https:\\\/\\\/consejojuventudcalahorra.com\\\/cjcc\\\/\",\"logo\":{\"@type\":\"ImageObject\",\"inLanguage\":\"es\",\"@id\":\"https:\\\/\\\/consejojuventudcalahorra.com\\\/cjcc\\\/#\\\/schema\\\/logo\\\/image\\\/\",\"url\":\"https:\\\/\\\/consejojuventudcalahorra.com\\\/cjcc\\\/wp-content\\\/uploads\\\/2025\\\/09\\\/Logo-CJCC.png\",\"contentUrl\":\"https:\\\/\\\/consejojuventudcalahorra.com\\\/cjcc\\\/wp-content\\\/uploads\\\/2025\\\/09\\\/Logo-CJCC.png\",\"width\":964,\"height\":660,\"caption\":\"Consejo de la Juventud Comarcal de Calahorra\"},\"image\":{\"@id\":\"https:\\\/\\\/consejojuventudcalahorra.com\\\/cjcc\\\/#\\\/schema\\\/logo\\\/image\\\/\"},\"sameAs\":[\"https:\\\/\\\/www.facebook.com\\\/consejojuventudcalahorra\\\/?locale=es_ES\"]},{\"@type\":\"Person\",\"@id\":\"https:\\\/\\\/consejojuventudcalahorra.com\\\/cjcc\\\/#\\\/schema\\\/person\\\/d253aff657149d7ba139596a2830074c\",\"name\":\"admin\",\"image\":{\"@type\":\"ImageObject\",\"inLanguage\":\"es\",\"@id\":\"https:\\\/\\\/secure.gravatar.com\\\/avatar\\\/7f0b7317fa677050c42e96a8889faba4627de455222163352845fae03deb3bb4?s=96&d=mm&r=g\",\"url\":\"https:\\\/\\\/secure.gravatar.com\\\/avatar\\\/7f0b7317fa677050c42e96a8889faba4627de455222163352845fae03deb3bb4?s=96&d=mm&r=g\",\"contentUrl\":\"https:\\\/\\\/secure.gravatar.com\\\/avatar\\\/7f0b7317fa677050c42e96a8889faba4627de455222163352845fae03deb3bb4?s=96&d=mm&r=g\",\"caption\":\"admin\"},\"url\":\"https:\\\/\\\/consejojuventudcalahorra.com\\\/cjcc\\\/author\\\/admin\\\/\"}]}<\/script>\n<!-- \/ Yoast SEO plugin. -->","yoast_head_json":{"title":"El Consejo de la Juventud Comarcal de Calahorra contin\u00faa en \u201cMisi\u00f3n Eclipse\u201d con una formaci\u00f3n dedicada a las mujeres astrof\u00edsicas - Consejo de la Juventud Comarcal de Calahorra","robots":{"index":"index","follow":"follow","max-snippet":"max-snippet:-1","max-image-preview":"max-image-preview:large","max-video-preview":"max-video-preview:-1"},"canonical":"https:\/\/consejojuventudcalahorra.com\/cjcc\/el-consejo-de-la-juventud-comarcal-de-calahorra-continua-en-mision-eclipse-con-una-formacion-dedicada-a-las-mujeres-astrofisicas\/","og_locale":"es_ES","og_type":"article","og_title":"El Consejo de la Juventud Comarcal de Calahorra contin\u00faa en \u201cMisi\u00f3n Eclipse\u201d con una formaci\u00f3n dedicada a las mujeres astrof\u00edsicas - Consejo de la Juventud Comarcal de Calahorra","og_description":"Durante la tarde de ayer, d\u00eda 11 de marzo, celebramos una nueva sesi\u00f3n formativa dentro de nuestro proyecto \u201cMisi\u00f3n Eclipse\u201d, una iniciativa de divulgaci\u00f3n y sensibilizaci\u00f3n en torno al eclipse [&hellip;]","og_url":"https:\/\/consejojuventudcalahorra.com\/cjcc\/el-consejo-de-la-juventud-comarcal-de-calahorra-continua-en-mision-eclipse-con-una-formacion-dedicada-a-las-mujeres-astrofisicas\/","og_site_name":"Consejo de la Juventud Comarcal de Calahorra","article_publisher":"https:\/\/www.facebook.com\/consejojuventudcalahorra\/?locale=es_ES","article_published_time":"2026-03-12T13:27:18+00:00","article_modified_time":"2026-03-12T13:27:31+00:00","og_image":[{"width":640,"height":442,"url":"https:\/\/consejojuventudcalahorra.com\/cjcc\/wp-content\/uploads\/2026\/03\/2026_03_12-Mision-Eclipse-Mujer-en-Astronomia.jpeg","type":"image\/jpeg"}],"author":"admin","twitter_card":"summary_large_image","twitter_misc":{"Escrito por":"admin","Tiempo de lectura":"2 minutos"},"schema":{"@context":"https:\/\/schema.org","@graph":[{"@type":"Article","@id":"https:\/\/consejojuventudcalahorra.com\/cjcc\/el-consejo-de-la-juventud-comarcal-de-calahorra-continua-en-mision-eclipse-con-una-formacion-dedicada-a-las-mujeres-astrofisicas\/#article","isPartOf":{"@id":"https:\/\/consejojuventudcalahorra.com\/cjcc\/el-consejo-de-la-juventud-comarcal-de-calahorra-continua-en-mision-eclipse-con-una-formacion-dedicada-a-las-mujeres-astrofisicas\/"},"author":{"name":"admin","@id":"https:\/\/consejojuventudcalahorra.com\/cjcc\/#\/schema\/person\/d253aff657149d7ba139596a2830074c"},"headline":"El Consejo de la Juventud Comarcal de Calahorra contin\u00faa en \u201cMisi\u00f3n Eclipse\u201d con una formaci\u00f3n dedicada a las mujeres astrof\u00edsicas","datePublished":"2026-03-12T13:27:18+00:00","dateModified":"2026-03-12T13:27:31+00:00","mainEntityOfPage":{"@id":"https:\/\/consejojuventudcalahorra.com\/cjcc\/el-consejo-de-la-juventud-comarcal-de-calahorra-continua-en-mision-eclipse-con-una-formacion-dedicada-a-las-mujeres-astrofisicas\/"},"wordCount":447,"publisher":{"@id":"https:\/\/consejojuventudcalahorra.com\/cjcc\/#organization"},"image":{"@id":"https:\/\/consejojuventudcalahorra.com\/cjcc\/el-consejo-de-la-juventud-comarcal-de-calahorra-continua-en-mision-eclipse-con-una-formacion-dedicada-a-las-mujeres-astrofisicas\/#primaryimage"},"thumbnailUrl":"https:\/\/consejojuventudcalahorra.com\/cjcc\/wp-content\/uploads\/2026\/03\/2026_03_12-Mision-Eclipse-Mujer-en-Astronomia.jpeg","articleSection":["formacion","Formacion, prevenci\u00f3n e igualdad"],"inLanguage":"es"},{"@type":"WebPage","@id":"https:\/\/consejojuventudcalahorra.com\/cjcc\/el-consejo-de-la-juventud-comarcal-de-calahorra-continua-en-mision-eclipse-con-una-formacion-dedicada-a-las-mujeres-astrofisicas\/","url":"https:\/\/consejojuventudcalahorra.com\/cjcc\/el-consejo-de-la-juventud-comarcal-de-calahorra-continua-en-mision-eclipse-con-una-formacion-dedicada-a-las-mujeres-astrofisicas\/","name":"El Consejo de la Juventud Comarcal de Calahorra contin\u00faa en \u201cMisi\u00f3n Eclipse\u201d con una formaci\u00f3n dedicada a las mujeres astrof\u00edsicas - Consejo de la Juventud Comarcal de Calahorra","isPartOf":{"@id":"https:\/\/consejojuventudcalahorra.com\/cjcc\/#website"},"primaryImageOfPage":{"@id":"https:\/\/consejojuventudcalahorra.com\/cjcc\/el-consejo-de-la-juventud-comarcal-de-calahorra-continua-en-mision-eclipse-con-una-formacion-dedicada-a-las-mujeres-astrofisicas\/#primaryimage"},"image":{"@id":"https:\/\/consejojuventudcalahorra.com\/cjcc\/el-consejo-de-la-juventud-comarcal-de-calahorra-continua-en-mision-eclipse-con-una-formacion-dedicada-a-las-mujeres-astrofisicas\/#primaryimage"},"thumbnailUrl":"https:\/\/consejojuventudcalahorra.com\/cjcc\/wp-content\/uploads\/2026\/03\/2026_03_12-Mision-Eclipse-Mujer-en-Astronomia.jpeg","datePublished":"2026-03-12T13:27:18+00:00","dateModified":"2026-03-12T13:27:31+00:00","breadcrumb":{"@id":"https:\/\/consejojuventudcalahorra.com\/cjcc\/el-consejo-de-la-juventud-comarcal-de-calahorra-continua-en-mision-eclipse-con-una-formacion-dedicada-a-las-mujeres-astrofisicas\/#breadcrumb"},"inLanguage":"es","potentialAction":[{"@type":"ReadAction","target":["https:\/\/consejojuventudcalahorra.com\/cjcc\/el-consejo-de-la-juventud-comarcal-de-calahorra-continua-en-mision-eclipse-con-una-formacion-dedicada-a-las-mujeres-astrofisicas\/"]}]},{"@type":"ImageObject","inLanguage":"es","@id":"https:\/\/consejojuventudcalahorra.com\/cjcc\/el-consejo-de-la-juventud-comarcal-de-calahorra-continua-en-mision-eclipse-con-una-formacion-dedicada-a-las-mujeres-astrofisicas\/#primaryimage","url":"https:\/\/consejojuventudcalahorra.com\/cjcc\/wp-content\/uploads\/2026\/03\/2026_03_12-Mision-Eclipse-Mujer-en-Astronomia.jpeg","contentUrl":"https:\/\/consejojuventudcalahorra.com\/cjcc\/wp-content\/uploads\/2026\/03\/2026_03_12-Mision-Eclipse-Mujer-en-Astronomia.jpeg","width":640,"height":442},{"@type":"BreadcrumbList","@id":"https:\/\/consejojuventudcalahorra.com\/cjcc\/el-consejo-de-la-juventud-comarcal-de-calahorra-continua-en-mision-eclipse-con-una-formacion-dedicada-a-las-mujeres-astrofisicas\/#breadcrumb","itemListElement":[{"@type":"ListItem","position":1,"name":"Portada","item":"https:\/\/consejojuventudcalahorra.com\/cjcc\/"},{"@type":"ListItem","position":2,"name":"El Consejo de la Juventud Comarcal de Calahorra contin\u00faa en \u201cMisi\u00f3n Eclipse\u201d con una formaci\u00f3n dedicada a las mujeres astrof\u00edsicas"}]},{"@type":"WebSite","@id":"https:\/\/consejojuventudcalahorra.com\/cjcc\/#website","url":"https:\/\/consejojuventudcalahorra.com\/cjcc\/","name":"Consejo de la Juventud Comarcal de Calahorra","description":"Ser joven es ser algo m\u00e1s","publisher":{"@id":"https:\/\/consejojuventudcalahorra.com\/cjcc\/#organization"},"potentialAction":[{"@type":"SearchAction","target":{"@type":"EntryPoint","urlTemplate":"https:\/\/consejojuventudcalahorra.com\/cjcc\/?s={search_term_string}"},"query-input":{"@type":"PropertyValueSpecification","valueRequired":true,"valueName":"search_term_string"}}],"inLanguage":"es"},{"@type":"Organization","@id":"https:\/\/consejojuventudcalahorra.com\/cjcc\/#organization","name":"Consejo de la Juventud Comarcal de Calahorra","url":"https:\/\/consejojuventudcalahorra.com\/cjcc\/","logo":{"@type":"ImageObject","inLanguage":"es","@id":"https:\/\/consejojuventudcalahorra.com\/cjcc\/#\/schema\/logo\/image\/","url":"https:\/\/consejojuventudcalahorra.com\/cjcc\/wp-content\/uploads\/2025\/09\/Logo-CJCC.png","contentUrl":"https:\/\/consejojuventudcalahorra.com\/cjcc\/wp-content\/uploads\/2025\/09\/Logo-CJCC.png","width":964,"height":660,"caption":"Consejo de la Juventud Comarcal de Calahorra"},"image":{"@id":"https:\/\/consejojuventudcalahorra.com\/cjcc\/#\/schema\/logo\/image\/"},"sameAs":["https:\/\/www.facebook.com\/consejojuventudcalahorra\/?locale=es_ES"]},{"@type":"Person","@id":"https:\/\/consejojuventudcalahorra.com\/cjcc\/#\/schema\/person\/d253aff657149d7ba139596a2830074c","name":"admin","image":{"@type":"ImageObject","inLanguage":"es","@id":"https:\/\/secure.gravatar.com\/avatar\/7f0b7317fa677050c42e96a8889faba4627de455222163352845fae03deb3bb4?s=96&d=mm&r=g","url":"https:\/\/secure.gravatar.com\/avatar\/7f0b7317fa677050c42e96a8889faba4627de455222163352845fae03deb3bb4?s=96&d=mm&r=g","contentUrl":"https:\/\/secure.gravatar.com\/avatar\/7f0b7317fa677050c42e96a8889faba4627de455222163352845fae03deb3bb4?s=96&d=mm&r=g","caption":"admin"},"url":"https:\/\/consejojuventudcalahorra.com\/cjcc\/author\/admin\/"}]}},"_links":{"self":[{"href":"https:\/\/consejojuventudcalahorra.com\/cjcc\/wp-json\/wp\/v2\/posts\/10875","targetHints":{"allow":["GET"]}}],"collection":[{"href":"https:\/\/consejojuventudcalahorra.com\/cjcc\/wp-json\/wp\/v2\/posts"}],"about":[{"href":"https:\/\/consejojuventudcalahorra.com\/cjcc\/wp-json\/wp\/v2\/types\/post"}],"author":[{"embeddable":true,"href":"https:\/\/consejojuventudcalahorra.com\/cjcc\/wp-json\/wp\/v2\/users\/1"}],"replies":[{"embeddable":true,"href":"https:\/\/consejojuventudcalahorra.com\/cjcc\/wp-json\/wp\/v2\/comments?post=10875"}],"version-history":[{"count":1,"href":"https:\/\/consejojuventudcalahorra.com\/cjcc\/wp-json\/wp\/v2\/posts\/10875\/revisions"}],"predecessor-version":[{"id":10877,"href":"https:\/\/consejojuventudcalahorra.com\/cjcc\/wp-json\/wp\/v2\/posts\/10875\/revisions\/10877"}],"wp:featuredmedia":[{"embeddable":true,"href":"https:\/\/consejojuventudcalahorra.com\/cjcc\/wp-json\/wp\/v2\/media\/10876"}],"wp:attachment":[{"href":"https:\/\/consejojuventudcalahorra.com\/cjcc\/wp-json\/wp\/v2\/media?parent=10875"}],"wp:term":[{"taxonomy":"category","embeddable":true,"href":"https:\/\/consejojuventudcalahorra.com\/cjcc\/wp-json\/wp\/v2\/categories?post=10875"},{"taxonomy":"post_tag","embeddable":true,"href":"https:\/\/consejojuventudcalahorra.com\/cjcc\/wp-json\/wp\/v2\/tags?post=10875"}],"curies":[{"name":"wp","href":"https:\/\/api.w.org\/{rel}","templated":true}]}}