{"id":10521,"date":"2026-03-04T14:00:25","date_gmt":"2026-03-04T13:00:25","guid":{"rendered":"https:\/\/consejojuventudcalahorra.com\/cjcc\/?p=10521"},"modified":"2026-03-04T14:00:25","modified_gmt":"2026-03-04T13:00:25","slug":"mision-eclipse-un-ano-de-divulgacion-y-formacion-para-preparar-a-la-rioja-ante-el-eclipse-solar-total-del-12-de-agosto-de-2026","status":"publish","type":"post","link":"https:\/\/consejojuventudcalahorra.com\/cjcc\/mision-eclipse-un-ano-de-divulgacion-y-formacion-para-preparar-a-la-rioja-ante-el-eclipse-solar-total-del-12-de-agosto-de-2026\/","title":{"rendered":"\u201cMisi\u00f3n Eclipse\u201d: un a\u00f1o de divulgaci\u00f3n y formaci\u00f3n para preparar a La Rioja ante el eclipse solar total del 12 de agosto de 2026"},"content":{"rendered":"<p>Continuamos cargados de energ\u00eda e ilusi\u00f3n con <strong>\u201cMisi\u00f3n Eclipse\u201d<\/strong>, un proyecto de divulgaci\u00f3n cient\u00edfica y educaci\u00f3n ciudadana que\u00a0<strong>comenz\u00f3 en agosto de 2025<\/strong>\u00a0con talleres sobre\u00a0<strong>eclipses solares y lunares<\/strong>. Durante\u00a0<strong>todo 2026<\/strong>, la iniciativa se consolida con una programaci\u00f3n estable de\u00a0<strong>dos talleres mensuales<\/strong>:<u><\/u><u><\/u><\/p>\n<p>\u00b7\u00a0\u00a0\u00a0\u00a0\u00a0\u00a0\u00a0<strong>Uno abierto a todo el p\u00fablico interesado<\/strong><u><\/u><u><\/u><\/p>\n<p>\u00b7\u00a0\u00a0\u00a0\u00a0\u00a0\u00a0\u00a0<strong>Otro orientado espec\u00edficamente al profesorado<\/strong>, con el objetivo de dotarles de herramientas para que puedan\u00a0<strong>orientar y preparar al alumnado<\/strong>\u00a0ante el gran acontecimiento astron\u00f3mico del a\u00f1o.<u><\/u><u><\/u><\/p>\n<p>El CJCC subraya que esta l\u00ednea de trabajo cobra especial sentido por la llegada del\u00a0<strong>eclipse solar total del 12 de agosto de 2026<\/strong>, un fen\u00f3meno que se\u00a0<strong>ver\u00e1 al 100% en La Rioja<\/strong>, y que constituye una oportunidad \u00fanica para impulsar la cultura cient\u00edfica, el aprendizaje intergeneracional y la observaci\u00f3n segura del cielo.<u><\/u><u><\/u><\/p>\n<p>En el marco de esta programaci\u00f3n, el CJCC anuncia dos pr\u00f3ximas citas en el\u00a0<strong>Centro Joven de Calahorra<\/strong>:<u><\/u><u><\/u><\/p>\n<p>\u00b7\u00a0\u00a0\u00a0\u00a0\u00a0\u00a0\u00a0<strong>\u201cMujeres Astr\u00f3nomas\u201d<\/strong>\u00a0\u2014\u00a0<strong>11 de marzo<\/strong>,\u00a0<strong>19:00 h<\/strong><u><\/u><u><\/u><\/p>\n<p>\u00b7\u00a0\u00a0\u00a0\u00a0\u00a0\u00a0\u00a0<strong>\u201cTaller de Eclipses\u201d<\/strong>\u00a0\u2014\u00a0<strong>25 de marzo<\/strong>,\u00a0<strong>19:00 h<\/strong><br \/>\nDirigido a\u00a0<strong>maestros y maestras de Educaci\u00f3n Primaria (2\u00ba y 3\u00ba ciclo)<\/strong>.<u><\/u><u><\/u><\/p>\n<p>Ambas actividades son\u00a0<strong>gratuitas<\/strong>\u00a0y con\u00a0<b>entrada libre.<\/b><u><\/u><u><\/u><\/p>\n<p>Desde el CJCC\u00a0agradecer el apoyo del Instituto Riojano de la Juventud y del Ayuntamiento de Calahorra para el buen desarrollo del proyecto.<\/p>\n","protected":false},"excerpt":{"rendered":"<p>Continuamos cargados de energ\u00eda e ilusi\u00f3n con \u201cMisi\u00f3n Eclipse\u201d, un proyecto de divulgaci\u00f3n cient\u00edfica y educaci\u00f3n ciudadana que\u00a0comenz\u00f3 en agosto de 2025\u00a0con talleres sobre\u00a0eclipses solares y lunares. Durante\u00a0todo 2026, la [&hellip;]<\/p>\n","protected":false},"author":1,"featured_media":10522,"comment_status":"closed","ping_status":"closed","sticky":false,"template":"","format":"standard","meta":{"_et_pb_use_builder":"","_et_pb_old_content":"","_et_gb_content_width":"","footnotes":""},"categories":[104,99],"tags":[],"class_list":["post-10521","post","type-post","status-publish","format-standard","has-post-thumbnail","hentry","category-formacion","category-formacion-prevencion-igualdad"],"yoast_head":"<!-- This site is optimized with the Yoast SEO plugin v27.5 - https:\/\/yoast.com\/product\/yoast-seo-wordpress\/ -->\n<title>\u201cMisi\u00f3n Eclipse\u201d: un a\u00f1o de divulgaci\u00f3n y formaci\u00f3n para preparar a La Rioja ante el eclipse solar total del 12 de agosto de 2026 - Consejo de la Juventud Comarcal de Calahorra<\/title>\n<meta name=\"robots\" content=\"index, follow, max-snippet:-1, max-image-preview:large, max-video-preview:-1\" \/>\n<link rel=\"canonical\" href=\"https:\/\/consejojuventudcalahorra.com\/cjcc\/mision-eclipse-un-ano-de-divulgacion-y-formacion-para-preparar-a-la-rioja-ante-el-eclipse-solar-total-del-12-de-agosto-de-2026\/\" \/>\n<meta property=\"og:locale\" content=\"es_ES\" \/>\n<meta property=\"og:type\" content=\"article\" \/>\n<meta property=\"og:title\" content=\"\u201cMisi\u00f3n Eclipse\u201d: un a\u00f1o de divulgaci\u00f3n y formaci\u00f3n para preparar a La Rioja ante el eclipse solar total del 12 de agosto de 2026 - Consejo de la Juventud Comarcal de Calahorra\" \/>\n<meta property=\"og:description\" content=\"Continuamos cargados de energ\u00eda e ilusi\u00f3n con \u201cMisi\u00f3n Eclipse\u201d, un proyecto de divulgaci\u00f3n cient\u00edfica y educaci\u00f3n ciudadana que\u00a0comenz\u00f3 en agosto de 2025\u00a0con talleres sobre\u00a0eclipses solares y lunares. Durante\u00a0todo 2026, la [&hellip;]\" \/>\n<meta property=\"og:url\" content=\"https:\/\/consejojuventudcalahorra.com\/cjcc\/mision-eclipse-un-ano-de-divulgacion-y-formacion-para-preparar-a-la-rioja-ante-el-eclipse-solar-total-del-12-de-agosto-de-2026\/\" \/>\n<meta property=\"og:site_name\" content=\"Consejo de la Juventud Comarcal de Calahorra\" \/>\n<meta property=\"article:publisher\" content=\"https:\/\/www.facebook.com\/consejojuventudcalahorra\/?locale=es_ES\" \/>\n<meta property=\"article:published_time\" content=\"2026-03-04T13:00:25+00:00\" \/>\n<meta property=\"og:image\" content=\"https:\/\/consejojuventudcalahorra.com\/cjcc\/wp-content\/uploads\/2026\/03\/2026_03_04-Mision-Eclipse-marzo.png\" \/>\n\t<meta property=\"og:image:width\" content=\"452\" \/>\n\t<meta property=\"og:image:height\" content=\"640\" \/>\n\t<meta property=\"og:image:type\" content=\"image\/png\" \/>\n<meta name=\"author\" content=\"admin\" \/>\n<meta name=\"twitter:card\" content=\"summary_large_image\" \/>\n<meta name=\"twitter:label1\" content=\"Escrito por\" \/>\n\t<meta name=\"twitter:data1\" content=\"admin\" \/>\n\t<meta name=\"twitter:label2\" content=\"Tiempo de lectura\" \/>\n\t<meta name=\"twitter:data2\" content=\"2 minutos\" \/>\n<script type=\"application\/ld+json\" class=\"yoast-schema-graph\">{\"@context\":\"https:\\\/\\\/schema.org\",\"@graph\":[{\"@type\":\"Article\",\"@id\":\"https:\\\/\\\/consejojuventudcalahorra.com\\\/cjcc\\\/mision-eclipse-un-ano-de-divulgacion-y-formacion-para-preparar-a-la-rioja-ante-el-eclipse-solar-total-del-12-de-agosto-de-2026\\\/#article\",\"isPartOf\":{\"@id\":\"https:\\\/\\\/consejojuventudcalahorra.com\\\/cjcc\\\/mision-eclipse-un-ano-de-divulgacion-y-formacion-para-preparar-a-la-rioja-ante-el-eclipse-solar-total-del-12-de-agosto-de-2026\\\/\"},\"author\":{\"name\":\"admin\",\"@id\":\"https:\\\/\\\/consejojuventudcalahorra.com\\\/cjcc\\\/#\\\/schema\\\/person\\\/d253aff657149d7ba139596a2830074c\"},\"headline\":\"\u201cMisi\u00f3n Eclipse\u201d: un a\u00f1o de divulgaci\u00f3n y formaci\u00f3n para preparar a La Rioja ante el eclipse solar total del 12 de agosto de 2026\",\"datePublished\":\"2026-03-04T13:00:25+00:00\",\"mainEntityOfPage\":{\"@id\":\"https:\\\/\\\/consejojuventudcalahorra.com\\\/cjcc\\\/mision-eclipse-un-ano-de-divulgacion-y-formacion-para-preparar-a-la-rioja-ante-el-eclipse-solar-total-del-12-de-agosto-de-2026\\\/\"},\"wordCount\":243,\"publisher\":{\"@id\":\"https:\\\/\\\/consejojuventudcalahorra.com\\\/cjcc\\\/#organization\"},\"image\":{\"@id\":\"https:\\\/\\\/consejojuventudcalahorra.com\\\/cjcc\\\/mision-eclipse-un-ano-de-divulgacion-y-formacion-para-preparar-a-la-rioja-ante-el-eclipse-solar-total-del-12-de-agosto-de-2026\\\/#primaryimage\"},\"thumbnailUrl\":\"https:\\\/\\\/consejojuventudcalahorra.com\\\/cjcc\\\/wp-content\\\/uploads\\\/2026\\\/03\\\/2026_03_04-Mision-Eclipse-marzo.png\",\"articleSection\":[\"formacion\",\"Formacion, prevenci\u00f3n e igualdad\"],\"inLanguage\":\"es\"},{\"@type\":\"WebPage\",\"@id\":\"https:\\\/\\\/consejojuventudcalahorra.com\\\/cjcc\\\/mision-eclipse-un-ano-de-divulgacion-y-formacion-para-preparar-a-la-rioja-ante-el-eclipse-solar-total-del-12-de-agosto-de-2026\\\/\",\"url\":\"https:\\\/\\\/consejojuventudcalahorra.com\\\/cjcc\\\/mision-eclipse-un-ano-de-divulgacion-y-formacion-para-preparar-a-la-rioja-ante-el-eclipse-solar-total-del-12-de-agosto-de-2026\\\/\",\"name\":\"\u201cMisi\u00f3n Eclipse\u201d: un a\u00f1o de divulgaci\u00f3n y formaci\u00f3n para preparar a La Rioja ante el eclipse solar total del 12 de agosto de 2026 - Consejo de la Juventud Comarcal de Calahorra\",\"isPartOf\":{\"@id\":\"https:\\\/\\\/consejojuventudcalahorra.com\\\/cjcc\\\/#website\"},\"primaryImageOfPage\":{\"@id\":\"https:\\\/\\\/consejojuventudcalahorra.com\\\/cjcc\\\/mision-eclipse-un-ano-de-divulgacion-y-formacion-para-preparar-a-la-rioja-ante-el-eclipse-solar-total-del-12-de-agosto-de-2026\\\/#primaryimage\"},\"image\":{\"@id\":\"https:\\\/\\\/consejojuventudcalahorra.com\\\/cjcc\\\/mision-eclipse-un-ano-de-divulgacion-y-formacion-para-preparar-a-la-rioja-ante-el-eclipse-solar-total-del-12-de-agosto-de-2026\\\/#primaryimage\"},\"thumbnailUrl\":\"https:\\\/\\\/consejojuventudcalahorra.com\\\/cjcc\\\/wp-content\\\/uploads\\\/2026\\\/03\\\/2026_03_04-Mision-Eclipse-marzo.png\",\"datePublished\":\"2026-03-04T13:00:25+00:00\",\"breadcrumb\":{\"@id\":\"https:\\\/\\\/consejojuventudcalahorra.com\\\/cjcc\\\/mision-eclipse-un-ano-de-divulgacion-y-formacion-para-preparar-a-la-rioja-ante-el-eclipse-solar-total-del-12-de-agosto-de-2026\\\/#breadcrumb\"},\"inLanguage\":\"es\",\"potentialAction\":[{\"@type\":\"ReadAction\",\"target\":[\"https:\\\/\\\/consejojuventudcalahorra.com\\\/cjcc\\\/mision-eclipse-un-ano-de-divulgacion-y-formacion-para-preparar-a-la-rioja-ante-el-eclipse-solar-total-del-12-de-agosto-de-2026\\\/\"]}]},{\"@type\":\"ImageObject\",\"inLanguage\":\"es\",\"@id\":\"https:\\\/\\\/consejojuventudcalahorra.com\\\/cjcc\\\/mision-eclipse-un-ano-de-divulgacion-y-formacion-para-preparar-a-la-rioja-ante-el-eclipse-solar-total-del-12-de-agosto-de-2026\\\/#primaryimage\",\"url\":\"https:\\\/\\\/consejojuventudcalahorra.com\\\/cjcc\\\/wp-content\\\/uploads\\\/2026\\\/03\\\/2026_03_04-Mision-Eclipse-marzo.png\",\"contentUrl\":\"https:\\\/\\\/consejojuventudcalahorra.com\\\/cjcc\\\/wp-content\\\/uploads\\\/2026\\\/03\\\/2026_03_04-Mision-Eclipse-marzo.png\",\"width\":452,\"height\":640},{\"@type\":\"BreadcrumbList\",\"@id\":\"https:\\\/\\\/consejojuventudcalahorra.com\\\/cjcc\\\/mision-eclipse-un-ano-de-divulgacion-y-formacion-para-preparar-a-la-rioja-ante-el-eclipse-solar-total-del-12-de-agosto-de-2026\\\/#breadcrumb\",\"itemListElement\":[{\"@type\":\"ListItem\",\"position\":1,\"name\":\"Portada\",\"item\":\"https:\\\/\\\/consejojuventudcalahorra.com\\\/cjcc\\\/\"},{\"@type\":\"ListItem\",\"position\":2,\"name\":\"\u201cMisi\u00f3n Eclipse\u201d: un a\u00f1o de divulgaci\u00f3n y formaci\u00f3n para preparar a La Rioja ante el eclipse solar total del 12 de agosto de 2026\"}]},{\"@type\":\"WebSite\",\"@id\":\"https:\\\/\\\/consejojuventudcalahorra.com\\\/cjcc\\\/#website\",\"url\":\"https:\\\/\\\/consejojuventudcalahorra.com\\\/cjcc\\\/\",\"name\":\"Consejo de la Juventud Comarcal de Calahorra\",\"description\":\"Ser joven es ser algo m\u00e1s\",\"publisher\":{\"@id\":\"https:\\\/\\\/consejojuventudcalahorra.com\\\/cjcc\\\/#organization\"},\"potentialAction\":[{\"@type\":\"SearchAction\",\"target\":{\"@type\":\"EntryPoint\",\"urlTemplate\":\"https:\\\/\\\/consejojuventudcalahorra.com\\\/cjcc\\\/?s={search_term_string}\"},\"query-input\":{\"@type\":\"PropertyValueSpecification\",\"valueRequired\":true,\"valueName\":\"search_term_string\"}}],\"inLanguage\":\"es\"},{\"@type\":\"Organization\",\"@id\":\"https:\\\/\\\/consejojuventudcalahorra.com\\\/cjcc\\\/#organization\",\"name\":\"Consejo de la Juventud Comarcal de Calahorra\",\"url\":\"https:\\\/\\\/consejojuventudcalahorra.com\\\/cjcc\\\/\",\"logo\":{\"@type\":\"ImageObject\",\"inLanguage\":\"es\",\"@id\":\"https:\\\/\\\/consejojuventudcalahorra.com\\\/cjcc\\\/#\\\/schema\\\/logo\\\/image\\\/\",\"url\":\"https:\\\/\\\/consejojuventudcalahorra.com\\\/cjcc\\\/wp-content\\\/uploads\\\/2025\\\/09\\\/Logo-CJCC.png\",\"contentUrl\":\"https:\\\/\\\/consejojuventudcalahorra.com\\\/cjcc\\\/wp-content\\\/uploads\\\/2025\\\/09\\\/Logo-CJCC.png\",\"width\":964,\"height\":660,\"caption\":\"Consejo de la Juventud Comarcal de Calahorra\"},\"image\":{\"@id\":\"https:\\\/\\\/consejojuventudcalahorra.com\\\/cjcc\\\/#\\\/schema\\\/logo\\\/image\\\/\"},\"sameAs\":[\"https:\\\/\\\/www.facebook.com\\\/consejojuventudcalahorra\\\/?locale=es_ES\"]},{\"@type\":\"Person\",\"@id\":\"https:\\\/\\\/consejojuventudcalahorra.com\\\/cjcc\\\/#\\\/schema\\\/person\\\/d253aff657149d7ba139596a2830074c\",\"name\":\"admin\",\"image\":{\"@type\":\"ImageObject\",\"inLanguage\":\"es\",\"@id\":\"https:\\\/\\\/secure.gravatar.com\\\/avatar\\\/7f0b7317fa677050c42e96a8889faba4627de455222163352845fae03deb3bb4?s=96&d=mm&r=g\",\"url\":\"https:\\\/\\\/secure.gravatar.com\\\/avatar\\\/7f0b7317fa677050c42e96a8889faba4627de455222163352845fae03deb3bb4?s=96&d=mm&r=g\",\"contentUrl\":\"https:\\\/\\\/secure.gravatar.com\\\/avatar\\\/7f0b7317fa677050c42e96a8889faba4627de455222163352845fae03deb3bb4?s=96&d=mm&r=g\",\"caption\":\"admin\"},\"url\":\"https:\\\/\\\/consejojuventudcalahorra.com\\\/cjcc\\\/author\\\/admin\\\/\"}]}<\/script>\n<!-- \/ Yoast SEO plugin. -->","yoast_head_json":{"title":"\u201cMisi\u00f3n Eclipse\u201d: un a\u00f1o de divulgaci\u00f3n y formaci\u00f3n para preparar a La Rioja ante el eclipse solar total del 12 de agosto de 2026 - Consejo de la Juventud Comarcal de Calahorra","robots":{"index":"index","follow":"follow","max-snippet":"max-snippet:-1","max-image-preview":"max-image-preview:large","max-video-preview":"max-video-preview:-1"},"canonical":"https:\/\/consejojuventudcalahorra.com\/cjcc\/mision-eclipse-un-ano-de-divulgacion-y-formacion-para-preparar-a-la-rioja-ante-el-eclipse-solar-total-del-12-de-agosto-de-2026\/","og_locale":"es_ES","og_type":"article","og_title":"\u201cMisi\u00f3n Eclipse\u201d: un a\u00f1o de divulgaci\u00f3n y formaci\u00f3n para preparar a La Rioja ante el eclipse solar total del 12 de agosto de 2026 - Consejo de la Juventud Comarcal de Calahorra","og_description":"Continuamos cargados de energ\u00eda e ilusi\u00f3n con \u201cMisi\u00f3n Eclipse\u201d, un proyecto de divulgaci\u00f3n cient\u00edfica y educaci\u00f3n ciudadana que\u00a0comenz\u00f3 en agosto de 2025\u00a0con talleres sobre\u00a0eclipses solares y lunares. Durante\u00a0todo 2026, la [&hellip;]","og_url":"https:\/\/consejojuventudcalahorra.com\/cjcc\/mision-eclipse-un-ano-de-divulgacion-y-formacion-para-preparar-a-la-rioja-ante-el-eclipse-solar-total-del-12-de-agosto-de-2026\/","og_site_name":"Consejo de la Juventud Comarcal de Calahorra","article_publisher":"https:\/\/www.facebook.com\/consejojuventudcalahorra\/?locale=es_ES","article_published_time":"2026-03-04T13:00:25+00:00","og_image":[{"width":452,"height":640,"url":"https:\/\/consejojuventudcalahorra.com\/cjcc\/wp-content\/uploads\/2026\/03\/2026_03_04-Mision-Eclipse-marzo.png","type":"image\/png"}],"author":"admin","twitter_card":"summary_large_image","twitter_misc":{"Escrito por":"admin","Tiempo de lectura":"2 minutos"},"schema":{"@context":"https:\/\/schema.org","@graph":[{"@type":"Article","@id":"https:\/\/consejojuventudcalahorra.com\/cjcc\/mision-eclipse-un-ano-de-divulgacion-y-formacion-para-preparar-a-la-rioja-ante-el-eclipse-solar-total-del-12-de-agosto-de-2026\/#article","isPartOf":{"@id":"https:\/\/consejojuventudcalahorra.com\/cjcc\/mision-eclipse-un-ano-de-divulgacion-y-formacion-para-preparar-a-la-rioja-ante-el-eclipse-solar-total-del-12-de-agosto-de-2026\/"},"author":{"name":"admin","@id":"https:\/\/consejojuventudcalahorra.com\/cjcc\/#\/schema\/person\/d253aff657149d7ba139596a2830074c"},"headline":"\u201cMisi\u00f3n Eclipse\u201d: un a\u00f1o de divulgaci\u00f3n y formaci\u00f3n para preparar a La Rioja ante el eclipse solar total del 12 de agosto de 2026","datePublished":"2026-03-04T13:00:25+00:00","mainEntityOfPage":{"@id":"https:\/\/consejojuventudcalahorra.com\/cjcc\/mision-eclipse-un-ano-de-divulgacion-y-formacion-para-preparar-a-la-rioja-ante-el-eclipse-solar-total-del-12-de-agosto-de-2026\/"},"wordCount":243,"publisher":{"@id":"https:\/\/consejojuventudcalahorra.com\/cjcc\/#organization"},"image":{"@id":"https:\/\/consejojuventudcalahorra.com\/cjcc\/mision-eclipse-un-ano-de-divulgacion-y-formacion-para-preparar-a-la-rioja-ante-el-eclipse-solar-total-del-12-de-agosto-de-2026\/#primaryimage"},"thumbnailUrl":"https:\/\/consejojuventudcalahorra.com\/cjcc\/wp-content\/uploads\/2026\/03\/2026_03_04-Mision-Eclipse-marzo.png","articleSection":["formacion","Formacion, prevenci\u00f3n e igualdad"],"inLanguage":"es"},{"@type":"WebPage","@id":"https:\/\/consejojuventudcalahorra.com\/cjcc\/mision-eclipse-un-ano-de-divulgacion-y-formacion-para-preparar-a-la-rioja-ante-el-eclipse-solar-total-del-12-de-agosto-de-2026\/","url":"https:\/\/consejojuventudcalahorra.com\/cjcc\/mision-eclipse-un-ano-de-divulgacion-y-formacion-para-preparar-a-la-rioja-ante-el-eclipse-solar-total-del-12-de-agosto-de-2026\/","name":"\u201cMisi\u00f3n Eclipse\u201d: un a\u00f1o de divulgaci\u00f3n y formaci\u00f3n para preparar a La Rioja ante el eclipse solar total del 12 de agosto de 2026 - Consejo de la Juventud Comarcal de Calahorra","isPartOf":{"@id":"https:\/\/consejojuventudcalahorra.com\/cjcc\/#website"},"primaryImageOfPage":{"@id":"https:\/\/consejojuventudcalahorra.com\/cjcc\/mision-eclipse-un-ano-de-divulgacion-y-formacion-para-preparar-a-la-rioja-ante-el-eclipse-solar-total-del-12-de-agosto-de-2026\/#primaryimage"},"image":{"@id":"https:\/\/consejojuventudcalahorra.com\/cjcc\/mision-eclipse-un-ano-de-divulgacion-y-formacion-para-preparar-a-la-rioja-ante-el-eclipse-solar-total-del-12-de-agosto-de-2026\/#primaryimage"},"thumbnailUrl":"https:\/\/consejojuventudcalahorra.com\/cjcc\/wp-content\/uploads\/2026\/03\/2026_03_04-Mision-Eclipse-marzo.png","datePublished":"2026-03-04T13:00:25+00:00","breadcrumb":{"@id":"https:\/\/consejojuventudcalahorra.com\/cjcc\/mision-eclipse-un-ano-de-divulgacion-y-formacion-para-preparar-a-la-rioja-ante-el-eclipse-solar-total-del-12-de-agosto-de-2026\/#breadcrumb"},"inLanguage":"es","potentialAction":[{"@type":"ReadAction","target":["https:\/\/consejojuventudcalahorra.com\/cjcc\/mision-eclipse-un-ano-de-divulgacion-y-formacion-para-preparar-a-la-rioja-ante-el-eclipse-solar-total-del-12-de-agosto-de-2026\/"]}]},{"@type":"ImageObject","inLanguage":"es","@id":"https:\/\/consejojuventudcalahorra.com\/cjcc\/mision-eclipse-un-ano-de-divulgacion-y-formacion-para-preparar-a-la-rioja-ante-el-eclipse-solar-total-del-12-de-agosto-de-2026\/#primaryimage","url":"https:\/\/consejojuventudcalahorra.com\/cjcc\/wp-content\/uploads\/2026\/03\/2026_03_04-Mision-Eclipse-marzo.png","contentUrl":"https:\/\/consejojuventudcalahorra.com\/cjcc\/wp-content\/uploads\/2026\/03\/2026_03_04-Mision-Eclipse-marzo.png","width":452,"height":640},{"@type":"BreadcrumbList","@id":"https:\/\/consejojuventudcalahorra.com\/cjcc\/mision-eclipse-un-ano-de-divulgacion-y-formacion-para-preparar-a-la-rioja-ante-el-eclipse-solar-total-del-12-de-agosto-de-2026\/#breadcrumb","itemListElement":[{"@type":"ListItem","position":1,"name":"Portada","item":"https:\/\/consejojuventudcalahorra.com\/cjcc\/"},{"@type":"ListItem","position":2,"name":"\u201cMisi\u00f3n Eclipse\u201d: un a\u00f1o de divulgaci\u00f3n y formaci\u00f3n para preparar a La Rioja ante el eclipse solar total del 12 de agosto de 2026"}]},{"@type":"WebSite","@id":"https:\/\/consejojuventudcalahorra.com\/cjcc\/#website","url":"https:\/\/consejojuventudcalahorra.com\/cjcc\/","name":"Consejo de la Juventud Comarcal de Calahorra","description":"Ser joven es ser algo m\u00e1s","publisher":{"@id":"https:\/\/consejojuventudcalahorra.com\/cjcc\/#organization"},"potentialAction":[{"@type":"SearchAction","target":{"@type":"EntryPoint","urlTemplate":"https:\/\/consejojuventudcalahorra.com\/cjcc\/?s={search_term_string}"},"query-input":{"@type":"PropertyValueSpecification","valueRequired":true,"valueName":"search_term_string"}}],"inLanguage":"es"},{"@type":"Organization","@id":"https:\/\/consejojuventudcalahorra.com\/cjcc\/#organization","name":"Consejo de la Juventud Comarcal de Calahorra","url":"https:\/\/consejojuventudcalahorra.com\/cjcc\/","logo":{"@type":"ImageObject","inLanguage":"es","@id":"https:\/\/consejojuventudcalahorra.com\/cjcc\/#\/schema\/logo\/image\/","url":"https:\/\/consejojuventudcalahorra.com\/cjcc\/wp-content\/uploads\/2025\/09\/Logo-CJCC.png","contentUrl":"https:\/\/consejojuventudcalahorra.com\/cjcc\/wp-content\/uploads\/2025\/09\/Logo-CJCC.png","width":964,"height":660,"caption":"Consejo de la Juventud Comarcal de Calahorra"},"image":{"@id":"https:\/\/consejojuventudcalahorra.com\/cjcc\/#\/schema\/logo\/image\/"},"sameAs":["https:\/\/www.facebook.com\/consejojuventudcalahorra\/?locale=es_ES"]},{"@type":"Person","@id":"https:\/\/consejojuventudcalahorra.com\/cjcc\/#\/schema\/person\/d253aff657149d7ba139596a2830074c","name":"admin","image":{"@type":"ImageObject","inLanguage":"es","@id":"https:\/\/secure.gravatar.com\/avatar\/7f0b7317fa677050c42e96a8889faba4627de455222163352845fae03deb3bb4?s=96&d=mm&r=g","url":"https:\/\/secure.gravatar.com\/avatar\/7f0b7317fa677050c42e96a8889faba4627de455222163352845fae03deb3bb4?s=96&d=mm&r=g","contentUrl":"https:\/\/secure.gravatar.com\/avatar\/7f0b7317fa677050c42e96a8889faba4627de455222163352845fae03deb3bb4?s=96&d=mm&r=g","caption":"admin"},"url":"https:\/\/consejojuventudcalahorra.com\/cjcc\/author\/admin\/"}]}},"_links":{"self":[{"href":"https:\/\/consejojuventudcalahorra.com\/cjcc\/wp-json\/wp\/v2\/posts\/10521","targetHints":{"allow":["GET"]}}],"collection":[{"href":"https:\/\/consejojuventudcalahorra.com\/cjcc\/wp-json\/wp\/v2\/posts"}],"about":[{"href":"https:\/\/consejojuventudcalahorra.com\/cjcc\/wp-json\/wp\/v2\/types\/post"}],"author":[{"embeddable":true,"href":"https:\/\/consejojuventudcalahorra.com\/cjcc\/wp-json\/wp\/v2\/users\/1"}],"replies":[{"embeddable":true,"href":"https:\/\/consejojuventudcalahorra.com\/cjcc\/wp-json\/wp\/v2\/comments?post=10521"}],"version-history":[{"count":1,"href":"https:\/\/consejojuventudcalahorra.com\/cjcc\/wp-json\/wp\/v2\/posts\/10521\/revisions"}],"predecessor-version":[{"id":10523,"href":"https:\/\/consejojuventudcalahorra.com\/cjcc\/wp-json\/wp\/v2\/posts\/10521\/revisions\/10523"}],"wp:featuredmedia":[{"embeddable":true,"href":"https:\/\/consejojuventudcalahorra.com\/cjcc\/wp-json\/wp\/v2\/media\/10522"}],"wp:attachment":[{"href":"https:\/\/consejojuventudcalahorra.com\/cjcc\/wp-json\/wp\/v2\/media?parent=10521"}],"wp:term":[{"taxonomy":"category","embeddable":true,"href":"https:\/\/consejojuventudcalahorra.com\/cjcc\/wp-json\/wp\/v2\/categories?post=10521"},{"taxonomy":"post_tag","embeddable":true,"href":"https:\/\/consejojuventudcalahorra.com\/cjcc\/wp-json\/wp\/v2\/tags?post=10521"}],"curies":[{"name":"wp","href":"https:\/\/api.w.org\/{rel}","templated":true}]}}