{"id":10184,"date":"2025-11-26T13:50:43","date_gmt":"2025-11-26T12:50:43","guid":{"rendered":"https:\/\/consejojuventudcalahorra.com\/cjcc\/?p=10184"},"modified":"2025-11-26T13:52:13","modified_gmt":"2025-11-26T12:52:13","slug":"jornadas-de-puertas-abiertas-del-cjcc-por-el-dia-internacional-del-voluntariado","status":"publish","type":"post","link":"https:\/\/consejojuventudcalahorra.com\/cjcc\/jornadas-de-puertas-abiertas-del-cjcc-por-el-dia-internacional-del-voluntariado\/","title":{"rendered":"Jornadas de Puertas Abiertas del CJCC por el D\u00eda Internacional del voluntariado"},"content":{"rendered":"<p style=\"font-weight: 400;\">El Consejo de la Juventud Comarcal de Calahorra celebramos un a\u00f1o m\u00e1s el\u00a0<em>D\u00eda Internacional del Voluntariado<\/em>\u00a0y lo hacemos en colaboraci\u00f3n con la Federaci\u00f3n Riojana de Voluntariado Social, de la que formamos parte activa. Este a\u00f1o, la conmemoraci\u00f3n adquiere un car\u00e1cter especial: durante los d\u00edas\u00a0<strong>1, 2, 3 y 4 de diciembre<\/strong>\u00a0abrimos nuestras puertas para que cualquier persona pueda descubrir de cerca qu\u00e9 significa participar y por qu\u00e9 el voluntariado transforma tanto a quienes ayudan como en el entorno que lo realizan.<\/p>\n<p style=\"font-weight: 400;\">A lo largo de estas jornadas, los j\u00f3venes interesados podr\u00e1n visitar la sede del CJCC, conocer los distintos programas de voluntariado juvenil y descubrir c\u00f3mo implicarse en proyectos comarcales y europeos. Nuestro equipo t\u00e9cnico y voluntario estar\u00e1 disponible para resolver dudas, acompa\u00f1ar en la inscripci\u00f3n y mostrar c\u00f3mo cada peque\u00f1o gesto construye algo grande.<\/p>\n<p style=\"font-weight: 400;\">El CJCC quiere poner en valor el compromiso y la generosidad de todos los j\u00f3venes voluntarios y voluntarias que, d\u00eda tras d\u00eda, han contribuido a mejorar la vida de la comarca de Calahorra.<\/p>\n<p style=\"font-weight: 400;\">Adem\u00e1s, el\u00a0<strong>5 de diciembre<\/strong>, D\u00eda Internacional del Voluntariado, celebraremos una jornada interna de agradecimiento junto a nuestros voluntarios y voluntarias: un espacio \u00edntimo de encuentro, reconocimiento y celebraci\u00f3n por todo el esfuerzo acumulado durante este a\u00f1o 2025. Es nuestra manera de devolver una parte de todo lo que ellos y ellas dan.<\/p>\n<p style=\"font-weight: 400;\">El CJCC agradece el apoyo del Instituto Riojano de la Juventud, cuya colaboraci\u00f3n es esencial para el buen desarrollo de estas Jornadas de Puertas Abiertas. Su respaldo permite que cada vez m\u00e1s j\u00f3venes descubran el voluntariado como una experiencia de aprendizaje y empoderamiento.<\/p>\n","protected":false},"excerpt":{"rendered":"<p>El Consejo de la Juventud Comarcal de Calahorra celebramos un a\u00f1o m\u00e1s el\u00a0D\u00eda Internacional del Voluntariado\u00a0y lo hacemos en colaboraci\u00f3n con la Federaci\u00f3n Riojana de Voluntariado Social, de la que [&hellip;]<\/p>\n","protected":false},"author":1,"featured_media":10185,"comment_status":"closed","ping_status":"closed","sticky":false,"template":"","format":"standard","meta":{"_et_pb_use_builder":"","_et_pb_old_content":"","_et_gb_content_width":"","footnotes":""},"categories":[24],"tags":[],"class_list":["post-10184","post","type-post","status-publish","format-standard","has-post-thumbnail","hentry","category-ocio-y-tiempo-libre"],"yoast_head":"<!-- This site is optimized with the Yoast SEO plugin v27.5 - https:\/\/yoast.com\/product\/yoast-seo-wordpress\/ -->\n<title>Jornadas de Puertas Abiertas del CJCC por el D\u00eda Internacional del voluntariado - Consejo de la Juventud Comarcal de Calahorra<\/title>\n<meta name=\"robots\" content=\"index, follow, max-snippet:-1, max-image-preview:large, max-video-preview:-1\" \/>\n<link rel=\"canonical\" href=\"https:\/\/consejojuventudcalahorra.com\/cjcc\/jornadas-de-puertas-abiertas-del-cjcc-por-el-dia-internacional-del-voluntariado\/\" \/>\n<meta property=\"og:locale\" content=\"es_ES\" \/>\n<meta property=\"og:type\" content=\"article\" \/>\n<meta property=\"og:title\" content=\"Jornadas de Puertas Abiertas del CJCC por el D\u00eda Internacional del voluntariado - Consejo de la Juventud Comarcal de Calahorra\" \/>\n<meta property=\"og:description\" content=\"El Consejo de la Juventud Comarcal de Calahorra celebramos un a\u00f1o m\u00e1s el\u00a0D\u00eda Internacional del Voluntariado\u00a0y lo hacemos en colaboraci\u00f3n con la Federaci\u00f3n Riojana de Voluntariado Social, de la que [&hellip;]\" \/>\n<meta property=\"og:url\" content=\"https:\/\/consejojuventudcalahorra.com\/cjcc\/jornadas-de-puertas-abiertas-del-cjcc-por-el-dia-internacional-del-voluntariado\/\" \/>\n<meta property=\"og:site_name\" content=\"Consejo de la Juventud Comarcal de Calahorra\" \/>\n<meta property=\"article:publisher\" content=\"https:\/\/www.facebook.com\/consejojuventudcalahorra\/?locale=es_ES\" \/>\n<meta property=\"article:published_time\" content=\"2025-11-26T12:50:43+00:00\" \/>\n<meta property=\"article:modified_time\" content=\"2025-11-26T12:52:13+00:00\" \/>\n<meta property=\"og:image\" content=\"https:\/\/consejojuventudcalahorra.com\/cjcc\/wp-content\/uploads\/2025\/11\/2025_11_26-Jornadas-de-puertas-abiertas.png\" \/>\n\t<meta property=\"og:image:width\" content=\"452\" \/>\n\t<meta property=\"og:image:height\" content=\"640\" \/>\n\t<meta property=\"og:image:type\" content=\"image\/png\" \/>\n<meta name=\"author\" content=\"admin\" \/>\n<meta name=\"twitter:card\" content=\"summary_large_image\" \/>\n<meta name=\"twitter:label1\" content=\"Escrito por\" \/>\n\t<meta name=\"twitter:data1\" content=\"admin\" \/>\n\t<meta name=\"twitter:label2\" content=\"Tiempo de lectura\" \/>\n\t<meta name=\"twitter:data2\" content=\"2 minutos\" \/>\n<script type=\"application\/ld+json\" class=\"yoast-schema-graph\">{\"@context\":\"https:\\\/\\\/schema.org\",\"@graph\":[{\"@type\":\"Article\",\"@id\":\"https:\\\/\\\/consejojuventudcalahorra.com\\\/cjcc\\\/jornadas-de-puertas-abiertas-del-cjcc-por-el-dia-internacional-del-voluntariado\\\/#article\",\"isPartOf\":{\"@id\":\"https:\\\/\\\/consejojuventudcalahorra.com\\\/cjcc\\\/jornadas-de-puertas-abiertas-del-cjcc-por-el-dia-internacional-del-voluntariado\\\/\"},\"author\":{\"name\":\"admin\",\"@id\":\"https:\\\/\\\/consejojuventudcalahorra.com\\\/cjcc\\\/#\\\/schema\\\/person\\\/d253aff657149d7ba139596a2830074c\"},\"headline\":\"Jornadas de Puertas Abiertas del CJCC por el D\u00eda Internacional del voluntariado\",\"datePublished\":\"2025-11-26T12:50:43+00:00\",\"dateModified\":\"2025-11-26T12:52:13+00:00\",\"mainEntityOfPage\":{\"@id\":\"https:\\\/\\\/consejojuventudcalahorra.com\\\/cjcc\\\/jornadas-de-puertas-abiertas-del-cjcc-por-el-dia-internacional-del-voluntariado\\\/\"},\"wordCount\":301,\"publisher\":{\"@id\":\"https:\\\/\\\/consejojuventudcalahorra.com\\\/cjcc\\\/#organization\"},\"image\":{\"@id\":\"https:\\\/\\\/consejojuventudcalahorra.com\\\/cjcc\\\/jornadas-de-puertas-abiertas-del-cjcc-por-el-dia-internacional-del-voluntariado\\\/#primaryimage\"},\"thumbnailUrl\":\"https:\\\/\\\/consejojuventudcalahorra.com\\\/cjcc\\\/wp-content\\\/uploads\\\/2025\\\/11\\\/2025_11_26-Jornadas-de-puertas-abiertas.png\",\"articleSection\":[\"ocio y tiempo libre\"],\"inLanguage\":\"es\"},{\"@type\":\"WebPage\",\"@id\":\"https:\\\/\\\/consejojuventudcalahorra.com\\\/cjcc\\\/jornadas-de-puertas-abiertas-del-cjcc-por-el-dia-internacional-del-voluntariado\\\/\",\"url\":\"https:\\\/\\\/consejojuventudcalahorra.com\\\/cjcc\\\/jornadas-de-puertas-abiertas-del-cjcc-por-el-dia-internacional-del-voluntariado\\\/\",\"name\":\"Jornadas de Puertas Abiertas del CJCC por el D\u00eda Internacional del voluntariado - Consejo de la Juventud Comarcal de Calahorra\",\"isPartOf\":{\"@id\":\"https:\\\/\\\/consejojuventudcalahorra.com\\\/cjcc\\\/#website\"},\"primaryImageOfPage\":{\"@id\":\"https:\\\/\\\/consejojuventudcalahorra.com\\\/cjcc\\\/jornadas-de-puertas-abiertas-del-cjcc-por-el-dia-internacional-del-voluntariado\\\/#primaryimage\"},\"image\":{\"@id\":\"https:\\\/\\\/consejojuventudcalahorra.com\\\/cjcc\\\/jornadas-de-puertas-abiertas-del-cjcc-por-el-dia-internacional-del-voluntariado\\\/#primaryimage\"},\"thumbnailUrl\":\"https:\\\/\\\/consejojuventudcalahorra.com\\\/cjcc\\\/wp-content\\\/uploads\\\/2025\\\/11\\\/2025_11_26-Jornadas-de-puertas-abiertas.png\",\"datePublished\":\"2025-11-26T12:50:43+00:00\",\"dateModified\":\"2025-11-26T12:52:13+00:00\",\"breadcrumb\":{\"@id\":\"https:\\\/\\\/consejojuventudcalahorra.com\\\/cjcc\\\/jornadas-de-puertas-abiertas-del-cjcc-por-el-dia-internacional-del-voluntariado\\\/#breadcrumb\"},\"inLanguage\":\"es\",\"potentialAction\":[{\"@type\":\"ReadAction\",\"target\":[\"https:\\\/\\\/consejojuventudcalahorra.com\\\/cjcc\\\/jornadas-de-puertas-abiertas-del-cjcc-por-el-dia-internacional-del-voluntariado\\\/\"]}]},{\"@type\":\"ImageObject\",\"inLanguage\":\"es\",\"@id\":\"https:\\\/\\\/consejojuventudcalahorra.com\\\/cjcc\\\/jornadas-de-puertas-abiertas-del-cjcc-por-el-dia-internacional-del-voluntariado\\\/#primaryimage\",\"url\":\"https:\\\/\\\/consejojuventudcalahorra.com\\\/cjcc\\\/wp-content\\\/uploads\\\/2025\\\/11\\\/2025_11_26-Jornadas-de-puertas-abiertas.png\",\"contentUrl\":\"https:\\\/\\\/consejojuventudcalahorra.com\\\/cjcc\\\/wp-content\\\/uploads\\\/2025\\\/11\\\/2025_11_26-Jornadas-de-puertas-abiertas.png\",\"width\":452,\"height\":640},{\"@type\":\"BreadcrumbList\",\"@id\":\"https:\\\/\\\/consejojuventudcalahorra.com\\\/cjcc\\\/jornadas-de-puertas-abiertas-del-cjcc-por-el-dia-internacional-del-voluntariado\\\/#breadcrumb\",\"itemListElement\":[{\"@type\":\"ListItem\",\"position\":1,\"name\":\"Portada\",\"item\":\"https:\\\/\\\/consejojuventudcalahorra.com\\\/cjcc\\\/\"},{\"@type\":\"ListItem\",\"position\":2,\"name\":\"Jornadas de Puertas Abiertas del CJCC por el D\u00eda Internacional del voluntariado\"}]},{\"@type\":\"WebSite\",\"@id\":\"https:\\\/\\\/consejojuventudcalahorra.com\\\/cjcc\\\/#website\",\"url\":\"https:\\\/\\\/consejojuventudcalahorra.com\\\/cjcc\\\/\",\"name\":\"Consejo de la Juventud Comarcal de Calahorra\",\"description\":\"Ser joven es ser algo m\u00e1s\",\"publisher\":{\"@id\":\"https:\\\/\\\/consejojuventudcalahorra.com\\\/cjcc\\\/#organization\"},\"potentialAction\":[{\"@type\":\"SearchAction\",\"target\":{\"@type\":\"EntryPoint\",\"urlTemplate\":\"https:\\\/\\\/consejojuventudcalahorra.com\\\/cjcc\\\/?s={search_term_string}\"},\"query-input\":{\"@type\":\"PropertyValueSpecification\",\"valueRequired\":true,\"valueName\":\"search_term_string\"}}],\"inLanguage\":\"es\"},{\"@type\":\"Organization\",\"@id\":\"https:\\\/\\\/consejojuventudcalahorra.com\\\/cjcc\\\/#organization\",\"name\":\"Consejo de la Juventud Comarcal de Calahorra\",\"url\":\"https:\\\/\\\/consejojuventudcalahorra.com\\\/cjcc\\\/\",\"logo\":{\"@type\":\"ImageObject\",\"inLanguage\":\"es\",\"@id\":\"https:\\\/\\\/consejojuventudcalahorra.com\\\/cjcc\\\/#\\\/schema\\\/logo\\\/image\\\/\",\"url\":\"https:\\\/\\\/consejojuventudcalahorra.com\\\/cjcc\\\/wp-content\\\/uploads\\\/2025\\\/09\\\/Logo-CJCC.png\",\"contentUrl\":\"https:\\\/\\\/consejojuventudcalahorra.com\\\/cjcc\\\/wp-content\\\/uploads\\\/2025\\\/09\\\/Logo-CJCC.png\",\"width\":964,\"height\":660,\"caption\":\"Consejo de la Juventud Comarcal de Calahorra\"},\"image\":{\"@id\":\"https:\\\/\\\/consejojuventudcalahorra.com\\\/cjcc\\\/#\\\/schema\\\/logo\\\/image\\\/\"},\"sameAs\":[\"https:\\\/\\\/www.facebook.com\\\/consejojuventudcalahorra\\\/?locale=es_ES\"]},{\"@type\":\"Person\",\"@id\":\"https:\\\/\\\/consejojuventudcalahorra.com\\\/cjcc\\\/#\\\/schema\\\/person\\\/d253aff657149d7ba139596a2830074c\",\"name\":\"admin\",\"image\":{\"@type\":\"ImageObject\",\"inLanguage\":\"es\",\"@id\":\"https:\\\/\\\/secure.gravatar.com\\\/avatar\\\/7f0b7317fa677050c42e96a8889faba4627de455222163352845fae03deb3bb4?s=96&d=mm&r=g\",\"url\":\"https:\\\/\\\/secure.gravatar.com\\\/avatar\\\/7f0b7317fa677050c42e96a8889faba4627de455222163352845fae03deb3bb4?s=96&d=mm&r=g\",\"contentUrl\":\"https:\\\/\\\/secure.gravatar.com\\\/avatar\\\/7f0b7317fa677050c42e96a8889faba4627de455222163352845fae03deb3bb4?s=96&d=mm&r=g\",\"caption\":\"admin\"},\"url\":\"https:\\\/\\\/consejojuventudcalahorra.com\\\/cjcc\\\/author\\\/admin\\\/\"}]}<\/script>\n<!-- \/ Yoast SEO plugin. -->","yoast_head_json":{"title":"Jornadas de Puertas Abiertas del CJCC por el D\u00eda Internacional del voluntariado - Consejo de la Juventud Comarcal de Calahorra","robots":{"index":"index","follow":"follow","max-snippet":"max-snippet:-1","max-image-preview":"max-image-preview:large","max-video-preview":"max-video-preview:-1"},"canonical":"https:\/\/consejojuventudcalahorra.com\/cjcc\/jornadas-de-puertas-abiertas-del-cjcc-por-el-dia-internacional-del-voluntariado\/","og_locale":"es_ES","og_type":"article","og_title":"Jornadas de Puertas Abiertas del CJCC por el D\u00eda Internacional del voluntariado - Consejo de la Juventud Comarcal de Calahorra","og_description":"El Consejo de la Juventud Comarcal de Calahorra celebramos un a\u00f1o m\u00e1s el\u00a0D\u00eda Internacional del Voluntariado\u00a0y lo hacemos en colaboraci\u00f3n con la Federaci\u00f3n Riojana de Voluntariado Social, de la que [&hellip;]","og_url":"https:\/\/consejojuventudcalahorra.com\/cjcc\/jornadas-de-puertas-abiertas-del-cjcc-por-el-dia-internacional-del-voluntariado\/","og_site_name":"Consejo de la Juventud Comarcal de Calahorra","article_publisher":"https:\/\/www.facebook.com\/consejojuventudcalahorra\/?locale=es_ES","article_published_time":"2025-11-26T12:50:43+00:00","article_modified_time":"2025-11-26T12:52:13+00:00","og_image":[{"width":452,"height":640,"url":"https:\/\/consejojuventudcalahorra.com\/cjcc\/wp-content\/uploads\/2025\/11\/2025_11_26-Jornadas-de-puertas-abiertas.png","type":"image\/png"}],"author":"admin","twitter_card":"summary_large_image","twitter_misc":{"Escrito por":"admin","Tiempo de lectura":"2 minutos"},"schema":{"@context":"https:\/\/schema.org","@graph":[{"@type":"Article","@id":"https:\/\/consejojuventudcalahorra.com\/cjcc\/jornadas-de-puertas-abiertas-del-cjcc-por-el-dia-internacional-del-voluntariado\/#article","isPartOf":{"@id":"https:\/\/consejojuventudcalahorra.com\/cjcc\/jornadas-de-puertas-abiertas-del-cjcc-por-el-dia-internacional-del-voluntariado\/"},"author":{"name":"admin","@id":"https:\/\/consejojuventudcalahorra.com\/cjcc\/#\/schema\/person\/d253aff657149d7ba139596a2830074c"},"headline":"Jornadas de Puertas Abiertas del CJCC por el D\u00eda Internacional del voluntariado","datePublished":"2025-11-26T12:50:43+00:00","dateModified":"2025-11-26T12:52:13+00:00","mainEntityOfPage":{"@id":"https:\/\/consejojuventudcalahorra.com\/cjcc\/jornadas-de-puertas-abiertas-del-cjcc-por-el-dia-internacional-del-voluntariado\/"},"wordCount":301,"publisher":{"@id":"https:\/\/consejojuventudcalahorra.com\/cjcc\/#organization"},"image":{"@id":"https:\/\/consejojuventudcalahorra.com\/cjcc\/jornadas-de-puertas-abiertas-del-cjcc-por-el-dia-internacional-del-voluntariado\/#primaryimage"},"thumbnailUrl":"https:\/\/consejojuventudcalahorra.com\/cjcc\/wp-content\/uploads\/2025\/11\/2025_11_26-Jornadas-de-puertas-abiertas.png","articleSection":["ocio y tiempo libre"],"inLanguage":"es"},{"@type":"WebPage","@id":"https:\/\/consejojuventudcalahorra.com\/cjcc\/jornadas-de-puertas-abiertas-del-cjcc-por-el-dia-internacional-del-voluntariado\/","url":"https:\/\/consejojuventudcalahorra.com\/cjcc\/jornadas-de-puertas-abiertas-del-cjcc-por-el-dia-internacional-del-voluntariado\/","name":"Jornadas de Puertas Abiertas del CJCC por el D\u00eda Internacional del voluntariado - Consejo de la Juventud Comarcal de Calahorra","isPartOf":{"@id":"https:\/\/consejojuventudcalahorra.com\/cjcc\/#website"},"primaryImageOfPage":{"@id":"https:\/\/consejojuventudcalahorra.com\/cjcc\/jornadas-de-puertas-abiertas-del-cjcc-por-el-dia-internacional-del-voluntariado\/#primaryimage"},"image":{"@id":"https:\/\/consejojuventudcalahorra.com\/cjcc\/jornadas-de-puertas-abiertas-del-cjcc-por-el-dia-internacional-del-voluntariado\/#primaryimage"},"thumbnailUrl":"https:\/\/consejojuventudcalahorra.com\/cjcc\/wp-content\/uploads\/2025\/11\/2025_11_26-Jornadas-de-puertas-abiertas.png","datePublished":"2025-11-26T12:50:43+00:00","dateModified":"2025-11-26T12:52:13+00:00","breadcrumb":{"@id":"https:\/\/consejojuventudcalahorra.com\/cjcc\/jornadas-de-puertas-abiertas-del-cjcc-por-el-dia-internacional-del-voluntariado\/#breadcrumb"},"inLanguage":"es","potentialAction":[{"@type":"ReadAction","target":["https:\/\/consejojuventudcalahorra.com\/cjcc\/jornadas-de-puertas-abiertas-del-cjcc-por-el-dia-internacional-del-voluntariado\/"]}]},{"@type":"ImageObject","inLanguage":"es","@id":"https:\/\/consejojuventudcalahorra.com\/cjcc\/jornadas-de-puertas-abiertas-del-cjcc-por-el-dia-internacional-del-voluntariado\/#primaryimage","url":"https:\/\/consejojuventudcalahorra.com\/cjcc\/wp-content\/uploads\/2025\/11\/2025_11_26-Jornadas-de-puertas-abiertas.png","contentUrl":"https:\/\/consejojuventudcalahorra.com\/cjcc\/wp-content\/uploads\/2025\/11\/2025_11_26-Jornadas-de-puertas-abiertas.png","width":452,"height":640},{"@type":"BreadcrumbList","@id":"https:\/\/consejojuventudcalahorra.com\/cjcc\/jornadas-de-puertas-abiertas-del-cjcc-por-el-dia-internacional-del-voluntariado\/#breadcrumb","itemListElement":[{"@type":"ListItem","position":1,"name":"Portada","item":"https:\/\/consejojuventudcalahorra.com\/cjcc\/"},{"@type":"ListItem","position":2,"name":"Jornadas de Puertas Abiertas del CJCC por el D\u00eda Internacional del voluntariado"}]},{"@type":"WebSite","@id":"https:\/\/consejojuventudcalahorra.com\/cjcc\/#website","url":"https:\/\/consejojuventudcalahorra.com\/cjcc\/","name":"Consejo de la Juventud Comarcal de Calahorra","description":"Ser joven es ser algo m\u00e1s","publisher":{"@id":"https:\/\/consejojuventudcalahorra.com\/cjcc\/#organization"},"potentialAction":[{"@type":"SearchAction","target":{"@type":"EntryPoint","urlTemplate":"https:\/\/consejojuventudcalahorra.com\/cjcc\/?s={search_term_string}"},"query-input":{"@type":"PropertyValueSpecification","valueRequired":true,"valueName":"search_term_string"}}],"inLanguage":"es"},{"@type":"Organization","@id":"https:\/\/consejojuventudcalahorra.com\/cjcc\/#organization","name":"Consejo de la Juventud Comarcal de Calahorra","url":"https:\/\/consejojuventudcalahorra.com\/cjcc\/","logo":{"@type":"ImageObject","inLanguage":"es","@id":"https:\/\/consejojuventudcalahorra.com\/cjcc\/#\/schema\/logo\/image\/","url":"https:\/\/consejojuventudcalahorra.com\/cjcc\/wp-content\/uploads\/2025\/09\/Logo-CJCC.png","contentUrl":"https:\/\/consejojuventudcalahorra.com\/cjcc\/wp-content\/uploads\/2025\/09\/Logo-CJCC.png","width":964,"height":660,"caption":"Consejo de la Juventud Comarcal de Calahorra"},"image":{"@id":"https:\/\/consejojuventudcalahorra.com\/cjcc\/#\/schema\/logo\/image\/"},"sameAs":["https:\/\/www.facebook.com\/consejojuventudcalahorra\/?locale=es_ES"]},{"@type":"Person","@id":"https:\/\/consejojuventudcalahorra.com\/cjcc\/#\/schema\/person\/d253aff657149d7ba139596a2830074c","name":"admin","image":{"@type":"ImageObject","inLanguage":"es","@id":"https:\/\/secure.gravatar.com\/avatar\/7f0b7317fa677050c42e96a8889faba4627de455222163352845fae03deb3bb4?s=96&d=mm&r=g","url":"https:\/\/secure.gravatar.com\/avatar\/7f0b7317fa677050c42e96a8889faba4627de455222163352845fae03deb3bb4?s=96&d=mm&r=g","contentUrl":"https:\/\/secure.gravatar.com\/avatar\/7f0b7317fa677050c42e96a8889faba4627de455222163352845fae03deb3bb4?s=96&d=mm&r=g","caption":"admin"},"url":"https:\/\/consejojuventudcalahorra.com\/cjcc\/author\/admin\/"}]}},"_links":{"self":[{"href":"https:\/\/consejojuventudcalahorra.com\/cjcc\/wp-json\/wp\/v2\/posts\/10184","targetHints":{"allow":["GET"]}}],"collection":[{"href":"https:\/\/consejojuventudcalahorra.com\/cjcc\/wp-json\/wp\/v2\/posts"}],"about":[{"href":"https:\/\/consejojuventudcalahorra.com\/cjcc\/wp-json\/wp\/v2\/types\/post"}],"author":[{"embeddable":true,"href":"https:\/\/consejojuventudcalahorra.com\/cjcc\/wp-json\/wp\/v2\/users\/1"}],"replies":[{"embeddable":true,"href":"https:\/\/consejojuventudcalahorra.com\/cjcc\/wp-json\/wp\/v2\/comments?post=10184"}],"version-history":[{"count":1,"href":"https:\/\/consejojuventudcalahorra.com\/cjcc\/wp-json\/wp\/v2\/posts\/10184\/revisions"}],"predecessor-version":[{"id":10186,"href":"https:\/\/consejojuventudcalahorra.com\/cjcc\/wp-json\/wp\/v2\/posts\/10184\/revisions\/10186"}],"wp:featuredmedia":[{"embeddable":true,"href":"https:\/\/consejojuventudcalahorra.com\/cjcc\/wp-json\/wp\/v2\/media\/10185"}],"wp:attachment":[{"href":"https:\/\/consejojuventudcalahorra.com\/cjcc\/wp-json\/wp\/v2\/media?parent=10184"}],"wp:term":[{"taxonomy":"category","embeddable":true,"href":"https:\/\/consejojuventudcalahorra.com\/cjcc\/wp-json\/wp\/v2\/categories?post=10184"},{"taxonomy":"post_tag","embeddable":true,"href":"https:\/\/consejojuventudcalahorra.com\/cjcc\/wp-json\/wp\/v2\/tags?post=10184"}],"curies":[{"name":"wp","href":"https:\/\/api.w.org\/{rel}","templated":true}]}}