{"id":8857,"global_id":"consejojuventudcalahorra.com\/cjcc?id=8857","global_id_lineage":["consejojuventudcalahorra.com\/cjcc?id=8857"],"author":"1","status":"publish","date":"2025-06-17 11:56:20","date_utc":"2025-06-17 09:56:20","modified":"2025-07-28 09:43:01","modified_utc":"2025-07-28 07:43:01","url":"https:\/\/consejojuventudcalahorra.com\/cjcc\/evento\/taller-de-estrellas\/","rest_url":"https:\/\/consejojuventudcalahorra.com\/cjcc\/wp-json\/tribe\/events\/v1\/events\/8857","title":"TALLER DE ESTRELLAS","description":"<p>El Consejo de la Juventud Comarcal de Calahorra presenta una nueva edici\u00f3n del\u00a0<strong>Taller de Estrellas<\/strong>, que se celebrar\u00e1 el\u00a0<strong>martes 12 de agosto a las 20:00 h<\/strong>. La participaci\u00f3n es gratuita y las plazas son limitadas.<\/p>\n<p>La actividad comenzar\u00e1 con una\u00a0<strong>sesi\u00f3n te\u00f3rica<\/strong>\u00a0en el Centro Joven de Calahorra, impartida por\u00a0<strong>la astrof\u00edsica Ana Urs\u00faa<\/strong>, que introducir\u00e1 a las personas participantes en el mundo de la astronom\u00eda de forma amena y accesible. Durante esta primera parte se elaborar\u00e1n\u00a0<strong>planisferios personalizados<\/strong>, que servir\u00e1n como gu\u00eda para la observaci\u00f3n posterior.<\/p>\n<p>Despu\u00e9s, el grupo\u00a0<strong>se desplazar\u00e1 al aire libre<\/strong>\u00a0para observar el cielo nocturno y, si las condiciones lo permiten, disfrutar de las\u00a0<strong>estrellas fugaces<\/strong>. Este taller es tambi\u00e9n una preparaci\u00f3n para el\u00a0<strong>gran eclipse solar total que tendr\u00e1 lugar el 12 de agosto de 2026<\/strong>, un evento \u00fanico que ser\u00e1 visible desde nuestra zona y que convertir\u00e1 el d\u00eda en noche durante casi dos minutos.<\/p>\n<p>Para participar, es necesario inscribirse previamente enviando un mensaje por WhatsApp al 667 463 791.<\/p>\n<p><strong>Contacto:<\/strong><br \/>\nFacebook:\u00a0<a href=\"https:\/\/www.facebook.com\/consejojuventudcalahorra\">https:\/\/www.facebook.com\/consejojuventudcalahorra<\/a><br \/>\nInstagram:\u00a0<a href=\"https:\/\/www.instagram.com\/consejocalahorra\/\">https:\/\/www.instagram.com\/consejocalahorra\/<\/a><br \/>\n<strong>Revisa nuestro calendario:<\/strong><br \/>\n<a href=\"https:\/\/consejojuventudcalahorra.com\/cjcc\/calendario\/mes\/\">https:\/\/consejojuventudcalahorra.com\/cjcc\/calendario\/mes\/<\/a><\/p>","excerpt":"","slug":"taller-de-estrellas","image":{"url":"https:\/\/consejojuventudcalahorra.com\/cjcc\/wp-content\/uploads\/2025\/07\/2025_07_28-taller-de-estrellas.jpeg","id":9418,"extension":"jpeg","width":452,"height":640,"filesize":99253,"sizes":{"medium":{"width":212,"height":300,"mime-type":"image\/jpeg","filesize":11233,"url":"https:\/\/consejojuventudcalahorra.com\/cjcc\/wp-content\/uploads\/2025\/07\/2025_07_28-taller-de-estrellas-212x300.jpeg"},"thumbnail":{"width":150,"height":150,"mime-type":"image\/jpeg","filesize":4165,"url":"https:\/\/consejojuventudcalahorra.com\/cjcc\/wp-content\/uploads\/2025\/07\/2025_07_28-taller-de-estrellas-150x150.jpeg"},"et-pb-post-main-image":{"width":400,"height":250,"mime-type":"image\/jpeg","filesize":14348,"url":"https:\/\/consejojuventudcalahorra.com\/cjcc\/wp-content\/uploads\/2025\/07\/2025_07_28-taller-de-estrellas-400x250.jpeg"},"et-pb-portfolio-image":{"width":400,"height":284,"mime-type":"image\/jpeg","filesize":15799,"url":"https:\/\/consejojuventudcalahorra.com\/cjcc\/wp-content\/uploads\/2025\/07\/2025_07_28-taller-de-estrellas-400x284.jpeg"},"et-pb-portfolio-module-image":{"width":452,"height":382,"mime-type":"image\/jpeg","filesize":30703,"url":"https:\/\/consejojuventudcalahorra.com\/cjcc\/wp-content\/uploads\/2025\/07\/2025_07_28-taller-de-estrellas-452x382.jpeg"},"et-pb-gallery-module-image-portrait":{"width":400,"height":516,"mime-type":"image\/jpeg","filesize":33373,"url":"https:\/\/consejojuventudcalahorra.com\/cjcc\/wp-content\/uploads\/2025\/07\/2025_07_28-taller-de-estrellas-400x516.jpeg"}}},"all_day":false,"start_date":"2025-08-12 20:00:00","start_date_details":{"year":"2025","month":"08","day":"12","hour":"20","minutes":"00","seconds":"00"},"end_date":"2025-08-12 23:59:00","end_date_details":{"year":"2025","month":"08","day":"12","hour":"23","minutes":"59","seconds":"00"},"utc_start_date":"2025-08-12 18:00:00","utc_start_date_details":{"year":"2025","month":"08","day":"12","hour":"18","minutes":"00","seconds":"00"},"utc_end_date":"2025-08-12 21:59:00","utc_end_date_details":{"year":"2025","month":"08","day":"12","hour":"21","minutes":"59","seconds":"00"},"timezone":"Europe\/Madrid","timezone_abbr":"CEST","cost":"","cost_details":{"currency_symbol":"$","currency_code":"USD","currency_position":"prefix","values":[]},"website":"","show_map":true,"show_map_link":true,"hide_from_listings":false,"sticky":false,"featured":false,"categories":[{"name":"Taller de estrellas","slug":"tallerestrellas","term_group":0,"term_taxonomy_id":83,"taxonomy":"tribe_events_cat","description":"","parent":0,"count":5,"filter":"raw","id":83,"urls":{"self":"https:\/\/consejojuventudcalahorra.com\/cjcc\/wp-json\/tribe\/events\/v1\/categories\/83","collection":"https:\/\/consejojuventudcalahorra.com\/cjcc\/wp-json\/tribe\/events\/v1\/categories"}}],"tags":[],"venue":[],"organizer":[],"custom_fields":[],"json_ld":{"@context":"http:\/\/schema.org","@type":"Event","name":"TALLER DE ESTRELLAS","description":"&lt;p&gt;El Consejo de la Juventud Comarcal de Calahorra presenta una nueva edici\u00f3n del\u00a0Taller de Estrellas, que se celebrar\u00e1 el\u00a0martes 12 de agosto a las 20:00 h. La participaci\u00f3n es gratuita [&hellip;]&lt;\/p&gt;\\n","image":"https:\/\/consejojuventudcalahorra.com\/cjcc\/wp-content\/uploads\/2025\/07\/2025_07_28-taller-de-estrellas.jpeg","url":"https:\/\/consejojuventudcalahorra.com\/cjcc\/evento\/taller-de-estrellas\/","eventAttendanceMode":"https:\/\/schema.org\/OfflineEventAttendanceMode","eventStatus":"https:\/\/schema.org\/EventScheduled","startDate":"2025-08-12T20:00:00+02:00","endDate":"2025-08-12T23:59:00+02:00","performer":"Organization"}}