{"id":8851,"global_id":"consejojuventudcalahorra.com\/cjcc?id=8851","global_id_lineage":["consejojuventudcalahorra.com\/cjcc?id=8851"],"author":"1","status":"publish","date":"2025-06-17 11:33:51","date_utc":"2025-06-17 09:33:51","modified":"2025-06-23 10:46:37","modified_utc":"2025-06-23 08:46:37","url":"https:\/\/consejojuventudcalahorra.com\/cjcc\/evento\/viaje-estrasburgo\/","rest_url":"https:\/\/consejojuventudcalahorra.com\/cjcc\/wp-json\/tribe\/events\/v1\/events\/8851","title":"VIAJE ESTRASBURGO","description":"<p>Viaje a estrasburgo de los voluntarios del Consejo de la Juventud Comarcal de Calahorra, es una visita al parlamento europeo que hay.<\/p>\n<p>Los voluntarios del Consejo de la Juventud Comarcal de Calahorra (CJCC) han tenido la oportunidad de vivir una experiencia \u00fanica: un viaje a Estrasburgo, ciudad s\u00edmbolo de la uni\u00f3n europea y sede del Parlamento Europeo. Esta visita no solo les permiti\u00f3 conocer de cerca una de las instituciones m\u00e1s importantes del continente, sino tambi\u00e9n profundizar en el funcionamiento democr\u00e1tico y pol\u00edtico de la Uni\u00f3n Europea.<\/p>\n<p>Durante el viaje, los y las voluntarias recorrieron el impresionante edificio del Parlamento, asistiendo a sesiones informativas, charlas y actividades organizadas para fomentar el conocimiento c\u00edvico y la participaci\u00f3n juvenil. Tambi\u00e9n pudieron dialogar con representantes europeos y conocer de primera mano c\u00f3mo se toman decisiones que afectan a millones de personas en Europa.<\/p>\n<p>Este tipo de experiencias refuerza el compromiso del CJCC con la formaci\u00f3n, la ciudadan\u00eda activa y el desarrollo personal de sus j\u00f3venes. Viajar a Estrasburgo no solo es un recorrido por la historia y la arquitectura europea, sino tambi\u00e9n una oportunidad para sentirse parte de algo m\u00e1s grande, comprendiendo el papel de la juventud en la construcci\u00f3n del presente y del futuro com\u00fan.<\/p>\n<p>Adem\u00e1s, el viaje permiti\u00f3 crear v\u00ednculos m\u00e1s fuertes entre los voluntarios, compartir ideas, inquietudes y visiones sobre Europa, y regresar a casa con una mirada m\u00e1s amplia sobre el mundo que nos rodea.<\/p>\n<p>Sin duda, esta visita al Parlamento Europeo deja una huella imborrable y motiva a seguir construyendo una juventud informada, cr\u00edtica y comprometida con su entorno.<\/p>\n<p><strong>Contacto:<\/strong><br \/>\nFacebook: <a href=\"https:\/\/www.facebook.com\/consejojuventudcalahorra\">https:\/\/www.facebook.com\/consejojuventudcalahorra<\/a><br \/>\nInstagram: <a href=\"https:\/\/www.instagram.com\/consejocalahorra\/\">https:\/\/www.instagram.com\/consejocalahorra\/<\/a><br \/>\n<strong>Revisa nuestro calendario:<\/strong><br \/>\n<a href=\"https:\/\/consejojuventudcalahorra.com\/cjcc\/calendario\/mes\/\">https:\/\/consejojuventudcalahorra.com\/cjcc\/calendario\/mes\/<\/a><\/p>","excerpt":"","slug":"viaje-estrasburgo","image":false,"all_day":true,"start_date":"2025-07-08 00:00:00","start_date_details":{"year":"2025","month":"07","day":"08","hour":"00","minutes":"00","seconds":"00"},"end_date":"2025-07-10 23:59:59","end_date_details":{"year":"2025","month":"07","day":"10","hour":"23","minutes":"59","seconds":"59"},"utc_start_date":"2025-07-07 22:00:00","utc_start_date_details":{"year":"2025","month":"07","day":"07","hour":"22","minutes":"00","seconds":"00"},"utc_end_date":"2025-07-10 21:59:59","utc_end_date_details":{"year":"2025","month":"07","day":"10","hour":"21","minutes":"59","seconds":"59"},"timezone":"Europe\/Madrid","timezone_abbr":"CEST","cost":"","cost_details":{"currency_symbol":"$","currency_code":"USD","currency_position":"prefix","values":[]},"website":"","show_map":true,"show_map_link":true,"hide_from_listings":false,"sticky":false,"featured":false,"categories":[{"name":"Viaje Estrasburgo","slug":"viaje-estrasburgo","term_group":0,"term_taxonomy_id":82,"taxonomy":"tribe_events_cat","description":"","parent":0,"count":1,"filter":"raw","id":82,"urls":{"self":"https:\/\/consejojuventudcalahorra.com\/cjcc\/wp-json\/tribe\/events\/v1\/categories\/82","collection":"https:\/\/consejojuventudcalahorra.com\/cjcc\/wp-json\/tribe\/events\/v1\/categories"}}],"tags":[],"venue":[],"organizer":[],"custom_fields":[],"json_ld":{"@context":"http:\/\/schema.org","@type":"Event","name":"VIAJE ESTRASBURGO","description":"&lt;p&gt;Viaje a estrasburgo de los voluntarios del Consejo de la Juventud Comarcal de Calahorra, es una visita al parlamento europeo que hay. Los voluntarios del Consejo de la Juventud Comarcal [&hellip;]&lt;\/p&gt;\\n","url":"https:\/\/consejojuventudcalahorra.com\/cjcc\/evento\/viaje-estrasburgo\/","eventAttendanceMode":"https:\/\/schema.org\/OfflineEventAttendanceMode","eventStatus":"https:\/\/schema.org\/EventScheduled","startDate":"2025-07-08T00:00:00+02:00","endDate":"2025-07-10T23:59:59+02:00","performer":"Organization"}}